{"id":392,"date":"2016-11-19T20:38:48","date_gmt":"2016-11-19T20:38:48","guid":{"rendered":"http:\/\/juergen-wilke.net\/?p=392"},"modified":"2016-11-19T20:41:21","modified_gmt":"2016-11-19T20:41:21","slug":"80-jahre-spanischer-buergerkrieg","status":"publish","type":"post","link":"http:\/\/juergen-wilke.net\/?p=392","title":{"rendered":"80 Jahre Spanischer B\u00fcrgerkrieg"},"content":{"rendered":"<p>2016 j\u00e4hrte sich zum achtzigsten Mal der Ausbruch des Spanischen B\u00fcrgerkriegs 1936, der erbittert gef\u00fchrt wurde und eine Vielzahl von Opfern forderte. Er war in Spanien in diesem Jahr Anlass zu zahlreichen Gedenkinitiativen. Dabei hat man sich auch mit der Rolle der Medien in diesem blutigen Konflikt sowie mit seinen Nachwirkungen besch\u00e4ftigt.<!--more--><\/p>\n<p>Obwohl das nationalsozialistische Deutschland an diesem Krieg ma\u00dfgeblich beteiligt war, fand die Erinnerung daran hierzulande nur wenig Resonanz. Von kommunikationswissenschaftlicher Seite hat J\u00fcrgen Wilke dazu einen Beitrag geliefert, der jetzt im Catalan Journal of Communication &#038; Cultural Studies gedruckt vorliegt. Untersucht wird darin, wie der Spanische B\u00fcrgerkrieg durch die nationalsozialistischen Presseanweisungen &#8222;geframed&#8220; wurde. Damit schlie\u00dft der Autor mit einer weiteren Fallstudie an seine 2007 publizierte Studie <a href=\"http:\/\/d-nb.info\/982414226\" target=\"_blank\">&#8222;Presseanweisungen im zwanzigsten Jahrhundert.  Erster Weltkrieg &#8211; Drittes Reich &#8211; DDR&#8220; (B\u00f6hlau-Verlag)<\/a> an.<\/p>\n<p><a href=\"http:\/\/doi.org\/10.1386\/cjcs.8.2.283_1\" target=\"_blank\">How the Nazi press instructions framed German perceptions of the Spanish Civil War<\/a><br \/>\nIn: Catalan Journal of Communication &#038; Cultural Studies 8,2 (2016) S. 283-300.<\/p>\n","protected":false},"excerpt":{"rendered":"<p>2016 j\u00e4hrte sich zum achtzigsten Mal der Ausbruch des Spanischen B\u00fcrgerkriegs 1936, der erbittert gef\u00fchrt wurde und eine Vielzahl von Opfern forderte. Er war in Spanien in diesem Jahr Anlass zu zahlreichen Gedenkinitiativen. Dabei hat man sich auch mit der Rolle der Medien in diesem blutigen Konflikt sowie mit seinen Nachwirkungen besch\u00e4ftigt.<\/p>\n","protected":false},"author":1,"featured_media":0,"comment_status":"closed","ping_status":"closed","sticky":false,"template":"","format":"standard","meta":{"ngg_post_thumbnail":0,"footnotes":""},"categories":[1],"tags":[],"class_list":["post-392","post","type-post","status-publish","format-standard","hentry","category-allgemein"],"_links":{"self":[{"href":"http:\/\/juergen-wilke.net\/index.php?rest_route=\/wp\/v2\/posts\/392","targetHints":{"allow":["GET"]}}],"collection":[{"href":"http:\/\/juergen-wilke.net\/index.php?rest_route=\/wp\/v2\/posts"}],"about":[{"href":"http:\/\/juergen-wilke.net\/index.php?rest_route=\/wp\/v2\/types\/post"}],"author":[{"embeddable":true,"href":"http:\/\/juergen-wilke.net\/index.php?rest_route=\/wp\/v2\/users\/1"}],"replies":[{"embeddable":true,"href":"http:\/\/juergen-wilke.net\/index.php?rest_route=%2Fwp%2Fv2%2Fcomments&post=392"}],"version-history":[{"count":2,"href":"http:\/\/juergen-wilke.net\/index.php?rest_route=\/wp\/v2\/posts\/392\/revisions"}],"predecessor-version":[{"id":394,"href":"http:\/\/juergen-wilke.net\/index.php?rest_route=\/wp\/v2\/posts\/392\/revisions\/394"}],"wp:attachment":[{"href":"http:\/\/juergen-wilke.net\/index.php?rest_route=%2Fwp%2Fv2%2Fmedia&parent=392"}],"wp:term":[{"taxonomy":"category","embeddable":true,"href":"http:\/\/juergen-wilke.net\/index.php?rest_route=%2Fwp%2Fv2%2Fcategories&post=392"},{"taxonomy":"post_tag","embeddable":true,"href":"http:\/\/juergen-wilke.net\/index.php?rest_route=%2Fwp%2Fv2%2Ftags&post=392"}],"curies":[{"name":"wp","href":"https:\/\/api.w.org\/{rel}","templated":true}]}}