{"id":297,"date":"2014-03-22T22:18:16","date_gmt":"2014-03-22T22:18:16","guid":{"rendered":"http:\/\/juergen-wilke.net\/?p=297"},"modified":"2014-03-22T22:19:51","modified_gmt":"2014-03-22T22:19:51","slug":"keynote-bei-dgpuk-fachgruppentagung","status":"publish","type":"post","link":"https:\/\/juergen-wilke.net\/?p=297","title":{"rendered":"Keynote bei DGPuK-Fachgruppentagung"},"content":{"rendered":"<p>Prof. J\u00fcrgen Wilke er\u00f6ffnet mit einer Keynote die gemeinsame Tagung der <a href=\"http:\/\/www.uni-trier.de\/index.php?id=51001\" target=\"_blank\">Fachgruppen Kommunikationsgeschichte und Visuelle Kommunikation der Deutschen Gesellschaft f\u00fcr Publizistik- und Kommunikationswissenschaft<\/a>, die vom 2.-4. April 2014 an der Universit\u00e4t Trier stattfindet.<!--more--><\/p>\n<p>Das von ihm selbst vorgeschlagene Thema lautet \u201eSimultaneit\u00e4t und Dissoziation. Die Wechselbeziehung von Wort und Bild in der Geschichte der (Massen-)Kommunikation\u201c. Ziel des Beitrags ist es, diese Wechselbeziehung in einer langfristigen (Vogel-)Perspektive zu verfolgen. Als Etiketten daf\u00fcr dienen die polaren Begriffe von Simultaneit\u00e4t (Synchronit\u00e4t, Fusion, Konvergenz) und Dissoziation (Trennung, Entkoppelung). Beide Prinzipien gelten nicht nur formal f\u00fcr die Art der jeweils zur Kommunikation verwendeten Zeichen, d.h. ob sie eine Einheit bilden oder voneinander geschieden sind. Sie erstrecken sich vielmehr auch auf die Bereiche der Produktion, der Techniken und der Inhalte.<\/p>\n","protected":false},"excerpt":{"rendered":"<p>Prof. J\u00fcrgen Wilke er\u00f6ffnet mit einer Keynote die gemeinsame Tagung der Fachgruppen Kommunikationsgeschichte und Visuelle Kommunikation der Deutschen Gesellschaft f\u00fcr Publizistik- und Kommunikationswissenschaft, die vom 2.-4. April 2014 an der Universit\u00e4t Trier stattfindet.<\/p>\n","protected":false},"author":1,"featured_media":0,"comment_status":"closed","ping_status":"closed","sticky":false,"template":"","format":"standard","meta":{"ngg_post_thumbnail":0,"footnotes":""},"categories":[1],"tags":[],"class_list":["post-297","post","type-post","status-publish","format-standard","hentry","category-allgemein"],"_links":{"self":[{"href":"https:\/\/juergen-wilke.net\/index.php?rest_route=\/wp\/v2\/posts\/297","targetHints":{"allow":["GET"]}}],"collection":[{"href":"https:\/\/juergen-wilke.net\/index.php?rest_route=\/wp\/v2\/posts"}],"about":[{"href":"https:\/\/juergen-wilke.net\/index.php?rest_route=\/wp\/v2\/types\/post"}],"author":[{"embeddable":true,"href":"https:\/\/juergen-wilke.net\/index.php?rest_route=\/wp\/v2\/users\/1"}],"replies":[{"embeddable":true,"href":"https:\/\/juergen-wilke.net\/index.php?rest_route=%2Fwp%2Fv2%2Fcomments&post=297"}],"version-history":[{"count":2,"href":"https:\/\/juergen-wilke.net\/index.php?rest_route=\/wp\/v2\/posts\/297\/revisions"}],"predecessor-version":[{"id":299,"href":"https:\/\/juergen-wilke.net\/index.php?rest_route=\/wp\/v2\/posts\/297\/revisions\/299"}],"wp:attachment":[{"href":"https:\/\/juergen-wilke.net\/index.php?rest_route=%2Fwp%2Fv2%2Fmedia&parent=297"}],"wp:term":[{"taxonomy":"category","embeddable":true,"href":"https:\/\/juergen-wilke.net\/index.php?rest_route=%2Fwp%2Fv2%2Fcategories&post=297"},{"taxonomy":"post_tag","embeddable":true,"href":"https:\/\/juergen-wilke.net\/index.php?rest_route=%2Fwp%2Fv2%2Ftags&post=297"}],"curies":[{"name":"wp","href":"https:\/\/api.w.org\/{rel}","templated":true}]}}