{"id":303,"date":"2014-04-12T19:58:00","date_gmt":"2014-04-12T19:58:00","guid":{"rendered":"http:\/\/juergen-wilke.net\/?p=303"},"modified":"2014-04-12T20:07:26","modified_gmt":"2014-04-12T20:07:26","slug":"wahlkampfstudie-2013","status":"publish","type":"post","link":"https:\/\/juergen-wilke.net\/?p=303","title":{"rendered":"Wahlkampfstudie 2013"},"content":{"rendered":"<p>Zu den \u201eKlassikern\u201c der deutschen Wahlkampfforschung geh\u00f6ren inzwischen die von J\u00fcrgen Wilke zun\u00e4chst zusammen mit Carsten Reinemann und seit 2009 mit Melanie Leidecker durchgef\u00fchrten Studien zur Berichterstattung deutscher Tageszeitungen \u00fcber die Bundestagswahlk\u00e4mpfe und insbesondere die Darstellung der Kanzlerkandidaten. Diese Studien erm\u00f6glichen einen langfristigen Vergleich der Wahlk\u00e4mpfe in der Bundesrepublik Deutschland seit 1949. Die Untersuchung wurde \u2013 mit Unterst\u00fctzung der FAZIT-Stiftung \u2013 auch f\u00fcr die Bundestagswahl am 22. September 2013 wiederholt.<!--more--><\/p>\n<p>Wieder wurde die Berichterstattung der vier Tageszeitungen \u201eFrankfurter Rundschau\u201c, \u201eS\u00fcddeutsche Zeitung\u201c, \u201eFrankfurter Allgemeine Zeitung\u201c und \u201eDie Welt\u201c in den letzten vier Wochen vor dem Wahltag einer quantitativen Inhaltsanalyse unterzogen. Die Ergebnisse der Studie liegen inzwischen vor und werden unter der Autorschaft von <a href=\"http:\/\/www.uni-koblenz-landau.de\/landau\/fb8\/ikms\/person\/mleidecker\">Melanie Leidecker<\/a> und J\u00fcrgen Wilke in dem von Christina Holtz-Bacha herausgegebenen Sammelband \u201eDie Massenmedien im Wahlkampf\u201c (Springer VS) demn\u00e4chst ver\u00f6ffentlicht, und zwar unter dem Titel \u201eLangweilig? Wieso langweilig? Die Presseberichterstattung zur Bundestagswahl 2013 im Langzeitvergleich.\u201c<\/p>\n<p>\u00dcberraschenderweise war der Umfang der Wahlkampfberichterstattung 2013 nochmals geringer als 2009. Andererseits war die Berichterstattung diesmal deutlich \u201emeinungsbetonter\u201c als vier Jahre zuvor. Der schon w\u00e4hrend des Wahlkampfs erhobene Vorwurf der \u201eLangeweile\u201c besteht also keineswegs zurecht.<\/p>\n","protected":false},"excerpt":{"rendered":"<p>Zu den \u201eKlassikern\u201c der deutschen Wahlkampfforschung geh\u00f6ren inzwischen die von J\u00fcrgen Wilke zun\u00e4chst zusammen mit Carsten Reinemann und seit 2009 mit Melanie Leidecker durchgef\u00fchrten Studien zur Berichterstattung deutscher Tageszeitungen \u00fcber die Bundestagswahlk\u00e4mpfe und insbesondere die Darstellung der Kanzlerkandidaten. Diese Studien erm\u00f6glichen einen langfristigen Vergleich der Wahlk\u00e4mpfe in der Bundesrepublik Deutschland seit 1949. Die Untersuchung wurde \u2013 mit Unterst\u00fctzung der FAZIT-Stiftung \u2013 auch f\u00fcr die Bundestagswahl am 22. September 2013 wiederholt.<\/p>\n","protected":false},"author":1,"featured_media":0,"comment_status":"closed","ping_status":"closed","sticky":false,"template":"","format":"standard","meta":{"ngg_post_thumbnail":0,"footnotes":""},"categories":[1],"tags":[],"class_list":["post-303","post","type-post","status-publish","format-standard","hentry","category-allgemein"],"_links":{"self":[{"href":"https:\/\/juergen-wilke.net\/index.php?rest_route=\/wp\/v2\/posts\/303","targetHints":{"allow":["GET"]}}],"collection":[{"href":"https:\/\/juergen-wilke.net\/index.php?rest_route=\/wp\/v2\/posts"}],"about":[{"href":"https:\/\/juergen-wilke.net\/index.php?rest_route=\/wp\/v2\/types\/post"}],"author":[{"embeddable":true,"href":"https:\/\/juergen-wilke.net\/index.php?rest_route=\/wp\/v2\/users\/1"}],"replies":[{"embeddable":true,"href":"https:\/\/juergen-wilke.net\/index.php?rest_route=%2Fwp%2Fv2%2Fcomments&post=303"}],"version-history":[{"count":6,"href":"https:\/\/juergen-wilke.net\/index.php?rest_route=\/wp\/v2\/posts\/303\/revisions"}],"predecessor-version":[{"id":309,"href":"https:\/\/juergen-wilke.net\/index.php?rest_route=\/wp\/v2\/posts\/303\/revisions\/309"}],"wp:attachment":[{"href":"https:\/\/juergen-wilke.net\/index.php?rest_route=%2Fwp%2Fv2%2Fmedia&parent=303"}],"wp:term":[{"taxonomy":"category","embeddable":true,"href":"https:\/\/juergen-wilke.net\/index.php?rest_route=%2Fwp%2Fv2%2Fcategories&post=303"},{"taxonomy":"post_tag","embeddable":true,"href":"https:\/\/juergen-wilke.net\/index.php?rest_route=%2Fwp%2Fv2%2Ftags&post=303"}],"curies":[{"name":"wp","href":"https:\/\/api.w.org\/{rel}","templated":true}]}}