{"id":311,"date":"2014-07-21T07:50:12","date_gmt":"2014-07-21T07:50:12","guid":{"rendered":"http:\/\/juergen-wilke.net\/?p=311"},"modified":"2014-07-21T07:50:12","modified_gmt":"2014-07-21T07:50:12","slug":"in-beirat-der-oesterreichischen-akademie-der-wissenschaften-berufen","status":"publish","type":"post","link":"https:\/\/juergen-wilke.net\/?p=311","title":{"rendered":"In Beirat der \u00d6sterreichischen Akademie der Wissenschaften berufen"},"content":{"rendered":"<p>Professor J\u00fcrgen Wilke ist vom Pr\u00e4sidium der \u00d6sterreichischen Akademie der Wissenschaften in den Wissenschaftlichen Beirat des von ihr neu gegr\u00fcndeten <a href=\"http:\/\/www.oeaw.ac.at\/cmc\/index.html\">Instituts f\u00fcr vergleichende Medien- und Kommunikationsforschung<\/a> berufen worden. Das Institut ist an die Stelle der bisherigen Kommission f\u00fcr vergleichende Medien- und Kommunikationsforschung getreten, die vor zehn Jahren ins Leben gerufen wurde und zun\u00e4chst historische Grundlagenforschung zur \u00f6sterreichischen Pressegeschichte betrieb.<!--more--><\/p>\n<p>Seit mehreren Jahren hat sie ihren Schwerpunkt auf die vergleichende politische Medien- und Kommunikationsforschung verlagert. In Anerkennung ihrer bisherigen Arbeit und zur l\u00e4ngerfristigen institutionellen Sicherung ist jetzt in Zusammenarbeit mit der Adria-Universit\u00e4t Klagenfurt ein eigenes Institut geschaffen worden. Dieses soll durch einen internationalen Beirat in seiner Arbeit beraten und unterst\u00fctzt werden. Bereits von 2006 bis 2011 war Wilke, selbst Korrespondierendes Mitglied der Akademie seit 2005, Vorsitzender (Obmann) des Wissenschaftlichen Beirats des Zentrums Sozialwissenschaften, in dem die einschl\u00e4gigen Einrichtungen der Akademie kooperierten.<\/p>\n","protected":false},"excerpt":{"rendered":"<p>Professor J\u00fcrgen Wilke ist vom Pr\u00e4sidium der \u00d6sterreichischen Akademie der Wissenschaften in den Wissenschaftlichen Beirat des von ihr neu gegr\u00fcndeten Instituts f\u00fcr vergleichende Medien- und Kommunikationsforschung berufen worden. Das Institut ist an die Stelle der bisherigen Kommission f\u00fcr vergleichende Medien- und Kommunikationsforschung getreten, die vor zehn Jahren ins Leben gerufen wurde und zun\u00e4chst historische Grundlagenforschung zur \u00f6sterreichischen Pressegeschichte betrieb.<\/p>\n","protected":false},"author":1,"featured_media":0,"comment_status":"closed","ping_status":"closed","sticky":false,"template":"","format":"standard","meta":{"ngg_post_thumbnail":0,"footnotes":""},"categories":[1],"tags":[],"class_list":["post-311","post","type-post","status-publish","format-standard","hentry","category-allgemein"],"_links":{"self":[{"href":"https:\/\/juergen-wilke.net\/index.php?rest_route=\/wp\/v2\/posts\/311","targetHints":{"allow":["GET"]}}],"collection":[{"href":"https:\/\/juergen-wilke.net\/index.php?rest_route=\/wp\/v2\/posts"}],"about":[{"href":"https:\/\/juergen-wilke.net\/index.php?rest_route=\/wp\/v2\/types\/post"}],"author":[{"embeddable":true,"href":"https:\/\/juergen-wilke.net\/index.php?rest_route=\/wp\/v2\/users\/1"}],"replies":[{"embeddable":true,"href":"https:\/\/juergen-wilke.net\/index.php?rest_route=%2Fwp%2Fv2%2Fcomments&post=311"}],"version-history":[{"count":1,"href":"https:\/\/juergen-wilke.net\/index.php?rest_route=\/wp\/v2\/posts\/311\/revisions"}],"predecessor-version":[{"id":312,"href":"https:\/\/juergen-wilke.net\/index.php?rest_route=\/wp\/v2\/posts\/311\/revisions\/312"}],"wp:attachment":[{"href":"https:\/\/juergen-wilke.net\/index.php?rest_route=%2Fwp%2Fv2%2Fmedia&parent=311"}],"wp:term":[{"taxonomy":"category","embeddable":true,"href":"https:\/\/juergen-wilke.net\/index.php?rest_route=%2Fwp%2Fv2%2Fcategories&post=311"},{"taxonomy":"post_tag","embeddable":true,"href":"https:\/\/juergen-wilke.net\/index.php?rest_route=%2Fwp%2Fv2%2Ftags&post=311"}],"curies":[{"name":"wp","href":"https:\/\/api.w.org\/{rel}","templated":true}]}}