{"id":341,"date":"2015-04-22T20:22:23","date_gmt":"2015-04-22T20:22:23","guid":{"rendered":"http:\/\/juergen-wilke.net\/?p=341"},"modified":"2015-04-22T20:22:58","modified_gmt":"2015-04-22T20:22:58","slug":"this-time-its-different-europawahl-studie-abgeschlossen","status":"publish","type":"post","link":"https:\/\/juergen-wilke.net\/?p=341","title":{"rendered":"\u201eThis time it\u2019s different.\u201c Europawahl-Studie abgeschlossen"},"content":{"rendered":"<p>2014 fanden die Wahlen zum Europ\u00e4ischen Parlament zum achten Male statt. Neben den Wahlen selbst interessierte auch diesmal wieder, wie die Medien (und darunter die Tagespresse) in der Bundesrepublik dar\u00fcber berichteten. J\u00fcrgen Wilke hat gemeinsam mit Melanie Leidecker dazu wieder eine Studie durchgef\u00fchrt \u2013 analog zu denjenigen, die 2004 retrospektiv bis 1979 und dann 2009 angefertigt wurden.<!--more--><\/p>\n<p>Die wieder von der FAZIT-Stiftung gef\u00f6rderte Untersuchung ist inzwischen abgeschlossen. Sie belegt die schon im Vorfeld der Wahl vom EP selbst proklamierte Devise: \u201eThis time it\u2019s different\u201c. Die vier \u00fcberregional verbreiteten Qualit\u00e4tszeitungen <em>Frankfurter Rundschau, Frankfurter Allgemeine Zeitung, S\u00fcddeutsche Zeitung<\/em> und <em>Die Welt<\/em> wurden in den letzten vier Wochen vor der Europawahl einer quantitativen Inhaltsanalyse unterzogen. Die Berichterstattung hat 2014 im Vergleich zu den fr\u00fcheren Europawahlen deutlich zugenommen. Das gilt auch f\u00fcr den Wahlbezug der Beitr\u00e4ge und f\u00fcr eine Reihe weiterer Aspekte. Ausschlaggebend daf\u00fcr war, dass mit Martin Schulz und Jean-Claude Juncker erstmals Kandidaten f\u00fcr das Amt des Kommissionspr\u00e4sidenten der EU aufgestellt worden waren. Die Ergebnisse der Studie werden 2015 in einem von Christina Holtz-Bacha herausgegebenen Sammelband \u201eEuropawahl 2014. Die Rolle der Medien\u201c pr\u00e4sentiert.<\/p>\n","protected":false},"excerpt":{"rendered":"<p>2014 fanden die Wahlen zum Europ\u00e4ischen Parlament zum achten Male statt. Neben den Wahlen selbst interessierte auch diesmal wieder, wie die Medien (und darunter die Tagespresse) in der Bundesrepublik dar\u00fcber berichteten. J\u00fcrgen Wilke hat gemeinsam mit Melanie Leidecker dazu wieder eine Studie durchgef\u00fchrt \u2013 analog zu denjenigen, die 2004 retrospektiv bis 1979 und dann 2009 angefertigt wurden.<\/p>\n","protected":false},"author":1,"featured_media":0,"comment_status":"closed","ping_status":"closed","sticky":false,"template":"","format":"standard","meta":{"ngg_post_thumbnail":0,"footnotes":""},"categories":[1],"tags":[],"class_list":["post-341","post","type-post","status-publish","format-standard","hentry","category-allgemein"],"_links":{"self":[{"href":"https:\/\/juergen-wilke.net\/index.php?rest_route=\/wp\/v2\/posts\/341","targetHints":{"allow":["GET"]}}],"collection":[{"href":"https:\/\/juergen-wilke.net\/index.php?rest_route=\/wp\/v2\/posts"}],"about":[{"href":"https:\/\/juergen-wilke.net\/index.php?rest_route=\/wp\/v2\/types\/post"}],"author":[{"embeddable":true,"href":"https:\/\/juergen-wilke.net\/index.php?rest_route=\/wp\/v2\/users\/1"}],"replies":[{"embeddable":true,"href":"https:\/\/juergen-wilke.net\/index.php?rest_route=%2Fwp%2Fv2%2Fcomments&post=341"}],"version-history":[{"count":4,"href":"https:\/\/juergen-wilke.net\/index.php?rest_route=\/wp\/v2\/posts\/341\/revisions"}],"predecessor-version":[{"id":345,"href":"https:\/\/juergen-wilke.net\/index.php?rest_route=\/wp\/v2\/posts\/341\/revisions\/345"}],"wp:attachment":[{"href":"https:\/\/juergen-wilke.net\/index.php?rest_route=%2Fwp%2Fv2%2Fmedia&parent=341"}],"wp:term":[{"taxonomy":"category","embeddable":true,"href":"https:\/\/juergen-wilke.net\/index.php?rest_route=%2Fwp%2Fv2%2Fcategories&post=341"},{"taxonomy":"post_tag","embeddable":true,"href":"https:\/\/juergen-wilke.net\/index.php?rest_route=%2Fwp%2Fv2%2Ftags&post=341"}],"curies":[{"name":"wp","href":"https:\/\/api.w.org\/{rel}","templated":true}]}}