{"id":402,"date":"2016-12-01T19:00:09","date_gmt":"2016-12-01T19:00:09","guid":{"rendered":"http:\/\/juergen-wilke.net\/?p=402"},"modified":"2016-12-01T19:00:09","modified_gmt":"2016-12-01T19:00:09","slug":"150-jahre-frankfurter-zeitung","status":"publish","type":"post","link":"https:\/\/juergen-wilke.net\/?p=402","title":{"rendered":"150 Jahre \u201eFrankfurter Zeitung\u201c"},"content":{"rendered":"<p>Am 16. November 2016 j\u00e4hrte sich zum hundertundf\u00fcnfzigsten Mal der Tag, an dem die erste Ausgabe der \u201eFrankfurter Zeitung\u201c erschien. Die \u201eFrankfurter Allgemeine Zeitung\u201c, die zwar nicht ihre direkte Rechtsnachfolgerin ist, aber doch in ihrer Tradition steht, nahm dies zum Anlass f\u00fcr mehrere Jubil\u00e4umsbeitr\u00e4ge. Den Hauptbeitrag dazu hat J\u00fcrgen Wilke geschrieben und darin in einem \u00dcberblick die Geschichte der \u201eFrankfurter Zeitung\u201c (samt ihren Vor\u00e4ufern) dargestellt.<!--more--><\/p>\n<p>Trotz mehrerer politischer Umbr\u00fcche bewahrte sich die Zeitung eine gewisse Identit\u00e4t. Im August 1943 wurde sie auf Anweisung Adolf Hitlers verboten. Die Neugr\u00fcndung der \u201eFrankfurter Allgemeinen Zeitung\u201c war nach dem Zweiten Weltkrieg erst zum 1. November 1949 m\u00f6glich.<\/p>\n<p>J\u00fcrgen Wilke: Eine Insel der Freiheit. In: Frankfurter Allgemeine Zeitung Nr. 268 v. 16. November 2016, S. 8.<\/p>\n<p>Link: <a href=\"http:\/\/www.faz.net\/aktuell\/eine-insel-der-freiheit-14530205.html\" target=\"_blank\">http:\/\/www.faz.net\/-gpc-8nfkt<\/a><\/p>\n","protected":false},"excerpt":{"rendered":"<p>Am 16. November 2016 j\u00e4hrte sich zum hundertundf\u00fcnfzigsten Mal der Tag, an dem die erste Ausgabe der \u201eFrankfurter Zeitung\u201c erschien. Die \u201eFrankfurter Allgemeine Zeitung\u201c, die zwar nicht ihre direkte Rechtsnachfolgerin ist, aber doch in ihrer Tradition steht, nahm dies zum Anlass f\u00fcr mehrere Jubil\u00e4umsbeitr\u00e4ge. Den Hauptbeitrag dazu hat J\u00fcrgen Wilke geschrieben und darin in einem \u00dcberblick die Geschichte der \u201eFrankfurter Zeitung\u201c (samt ihren Vor\u00e4ufern) dargestellt.<\/p>\n","protected":false},"author":1,"featured_media":0,"comment_status":"closed","ping_status":"closed","sticky":false,"template":"","format":"standard","meta":{"ngg_post_thumbnail":0,"footnotes":""},"categories":[1],"tags":[],"class_list":["post-402","post","type-post","status-publish","format-standard","hentry","category-allgemein"],"_links":{"self":[{"href":"https:\/\/juergen-wilke.net\/index.php?rest_route=\/wp\/v2\/posts\/402","targetHints":{"allow":["GET"]}}],"collection":[{"href":"https:\/\/juergen-wilke.net\/index.php?rest_route=\/wp\/v2\/posts"}],"about":[{"href":"https:\/\/juergen-wilke.net\/index.php?rest_route=\/wp\/v2\/types\/post"}],"author":[{"embeddable":true,"href":"https:\/\/juergen-wilke.net\/index.php?rest_route=\/wp\/v2\/users\/1"}],"replies":[{"embeddable":true,"href":"https:\/\/juergen-wilke.net\/index.php?rest_route=%2Fwp%2Fv2%2Fcomments&post=402"}],"version-history":[{"count":1,"href":"https:\/\/juergen-wilke.net\/index.php?rest_route=\/wp\/v2\/posts\/402\/revisions"}],"predecessor-version":[{"id":403,"href":"https:\/\/juergen-wilke.net\/index.php?rest_route=\/wp\/v2\/posts\/402\/revisions\/403"}],"wp:attachment":[{"href":"https:\/\/juergen-wilke.net\/index.php?rest_route=%2Fwp%2Fv2%2Fmedia&parent=402"}],"wp:term":[{"taxonomy":"category","embeddable":true,"href":"https:\/\/juergen-wilke.net\/index.php?rest_route=%2Fwp%2Fv2%2Fcategories&post=402"},{"taxonomy":"post_tag","embeddable":true,"href":"https:\/\/juergen-wilke.net\/index.php?rest_route=%2Fwp%2Fv2%2Ftags&post=402"}],"curies":[{"name":"wp","href":"https:\/\/api.w.org\/{rel}","templated":true}]}}