{"id":429,"date":"2017-08-02T19:54:21","date_gmt":"2017-08-02T19:54:21","guid":{"rendered":"http:\/\/juergen-wilke.net\/?p=429"},"modified":"2017-08-02T19:56:56","modified_gmt":"2017-08-02T19:56:56","slug":"wo-bleibt-das-museum-fuer-die-zeitung","status":"publish","type":"post","link":"https:\/\/juergen-wilke.net\/?p=429","title":{"rendered":"Wo bleibt das Museum f\u00fcr die Zeitung?"},"content":{"rendered":"<p>Obwohl Deutschland eine reiche und vielf\u00e4ltige Museumslandschaft besitzt, fehlt bis heute ein Museum f\u00fcr die Zeitung von nationalem Rang. In einem Beitrag f\u00fcr die \u201eFrankfurter Allgemeine Zeitung\u201c vom 29. Juli 2017 schildert J\u00fcrgen Wilke, warum dies so ist und wie sich das \u00e4ndern k\u00f6nnte.<!--more--><\/p>\n<p>Dass die Zeitung hierzulande bisher museal unterrepr\u00e4sentiert ist, daf\u00fcr gibt es mehrere Gr\u00fcnde. Weder die Zeitungspraxis noch die Kulturpolitik oder die Wissenschaft haben mit der notwendigen Entschiedenheit auf ein solches Museum hingewirkt. Dennoch gab es seit dem 19. Jahrhundert erste Ans\u00e4tze dazu. Dazu geh\u00f6rten auch tempor\u00e4re Zeitungsausstellungen wie die \u201ePressa\u201c 1928 in K\u00f6ln. Zudem geht es in dem Artikel darum, wie sich an dem genannten Defizit etwas \u00e4ndern k\u00f6nnte. W\u00fcnschenswert und aussichtsreich sind die Pl\u00e4ne, die der Historiker und Presseforscher Martin Welke seit l\u00e4ngerem verfolgt und f\u00fcr deren Realisierung sich jetzt gro\u00dfe Chancen in Augsburg bieten.<\/p>\n<p>J\u00fcrgen Wilke: <a href=\"http:\/\/www.faz.net\/-gqz-907rk\" target=\"_blank\" rel=\"noopener noreferrer\">Wo bleibt das Museum f\u00fcr die Zeitung? Aus einem deutschen Museum f\u00fcr die Presse mit nationalem Rang ist bisher nichts geworden. Wie k\u00f6nnte sich das \u00e4ndern? Ein Vorschlag.<\/a><br \/>\nIn: Frankfurter Allgemeine Zeitung Nr. 174 v. 29. Juli 2017, S. 16.<\/p>\n","protected":false},"excerpt":{"rendered":"<p>Obwohl Deutschland eine reiche und vielf\u00e4ltige Museumslandschaft besitzt, fehlt bis heute ein Museum f\u00fcr die Zeitung von nationalem Rang. In einem Beitrag f\u00fcr die \u201eFrankfurter Allgemeine Zeitung\u201c vom 29. Juli 2017 schildert J\u00fcrgen Wilke, warum dies so ist und wie sich das \u00e4ndern k\u00f6nnte.<\/p>\n","protected":false},"author":1,"featured_media":0,"comment_status":"closed","ping_status":"closed","sticky":false,"template":"","format":"standard","meta":{"ngg_post_thumbnail":0,"footnotes":""},"categories":[1],"tags":[],"class_list":["post-429","post","type-post","status-publish","format-standard","hentry","category-allgemein"],"_links":{"self":[{"href":"https:\/\/juergen-wilke.net\/index.php?rest_route=\/wp\/v2\/posts\/429","targetHints":{"allow":["GET"]}}],"collection":[{"href":"https:\/\/juergen-wilke.net\/index.php?rest_route=\/wp\/v2\/posts"}],"about":[{"href":"https:\/\/juergen-wilke.net\/index.php?rest_route=\/wp\/v2\/types\/post"}],"author":[{"embeddable":true,"href":"https:\/\/juergen-wilke.net\/index.php?rest_route=\/wp\/v2\/users\/1"}],"replies":[{"embeddable":true,"href":"https:\/\/juergen-wilke.net\/index.php?rest_route=%2Fwp%2Fv2%2Fcomments&post=429"}],"version-history":[{"count":5,"href":"https:\/\/juergen-wilke.net\/index.php?rest_route=\/wp\/v2\/posts\/429\/revisions"}],"predecessor-version":[{"id":434,"href":"https:\/\/juergen-wilke.net\/index.php?rest_route=\/wp\/v2\/posts\/429\/revisions\/434"}],"wp:attachment":[{"href":"https:\/\/juergen-wilke.net\/index.php?rest_route=%2Fwp%2Fv2%2Fmedia&parent=429"}],"wp:term":[{"taxonomy":"category","embeddable":true,"href":"https:\/\/juergen-wilke.net\/index.php?rest_route=%2Fwp%2Fv2%2Fcategories&post=429"},{"taxonomy":"post_tag","embeddable":true,"href":"https:\/\/juergen-wilke.net\/index.php?rest_route=%2Fwp%2Fv2%2Ftags&post=429"}],"curies":[{"name":"wp","href":"https:\/\/api.w.org\/{rel}","templated":true}]}}