{"id":439,"date":"2017-10-20T20:00:24","date_gmt":"2017-10-20T20:00:24","guid":{"rendered":"http:\/\/juergen-wilke.net\/?p=439"},"modified":"2017-10-20T20:03:44","modified_gmt":"2017-10-20T20:03:44","slug":"gesammelte-studien-iii","status":"publish","type":"post","link":"https:\/\/juergen-wilke.net\/?p=439","title":{"rendered":"Gesammelte Studien III"},"content":{"rendered":"<p>Ein dritter Band mit gesammelten Studien von J\u00fcrgen Wilke ist in der edition lumi\u00e8re (Bremen) erschienen. Nach einem ersten 2009 und einem zweiten 2011 erschienenen vereinigt dieser nochmals 23 Beitr\u00e4ge des Verfassers, die in den letzten Jahren entstanden und verstreut in Zeitschriften und Sammelb\u00e4nden publiziert worden sind.<br \/>\n<!--more--><\/p>\n<p>Die Beitr\u00e4ge sind wieder nach neun Themenbereichen gruppiert und decken verschiedene wissenschaftliche Interessen ab, vorzugsweise aber historische. Am Anfang stehen vier Beitr\u00e4ge zur Fachgeschichte und Theoriebildung der Publizistik- und Kommunikationswissenschaft. Es folgen solche zur Presse- und Journalismusgeschichte. Behandelt werden auch NS-Presseanweisungen zum Spanischen B\u00fcrgerkrieg und das Verh\u00e4ltnis von Wort und Bild in der Geschichte visueller (Massen-)Kommunikation.<\/p>\n<p>Weitere Themen sind die Medialisierung der Kunst, internationale Medienm\u00e4rkte und ein transnationaler Vergleich der Europa-Berichterstattung sowie die Wahlkampfberichterstattung auf verschiedenen Ebenen des politischen Systems. Am Ende stehen zwei Marginalien zur Nachrichtenwerttheorie und zur Darstellung von Wissenschaftlern in Kinderb\u00fcchern.<\/p>\n<p>J\u00fcrgen Wilke: <a href=\"http:\/\/www.editionlumiere.de\/wilke-2017.html\" target=\"_blank\" rel=\"noopener noreferrer\">Journalismus und Medien in Geschichte, Forschung und Praxis. Gesammelte Studien III.<\/a> Bremen: edition lumi\u00e8re 2017. 522 S. \u20ac 44.80.<\/p>\n","protected":false},"excerpt":{"rendered":"<p>Ein dritter Band mit gesammelten Studien von J\u00fcrgen Wilke ist in der edition lumi\u00e8re (Bremen) erschienen. Nach einem ersten 2009 und einem zweiten 2011 erschienenen vereinigt dieser nochmals 23 Beitr\u00e4ge des Verfassers, die in den letzten Jahren entstanden und verstreut in Zeitschriften und Sammelb\u00e4nden publiziert worden sind.<\/p>\n","protected":false},"author":1,"featured_media":0,"comment_status":"closed","ping_status":"closed","sticky":false,"template":"","format":"standard","meta":{"ngg_post_thumbnail":0,"footnotes":""},"categories":[1],"tags":[],"class_list":["post-439","post","type-post","status-publish","format-standard","hentry","category-allgemein"],"_links":{"self":[{"href":"https:\/\/juergen-wilke.net\/index.php?rest_route=\/wp\/v2\/posts\/439","targetHints":{"allow":["GET"]}}],"collection":[{"href":"https:\/\/juergen-wilke.net\/index.php?rest_route=\/wp\/v2\/posts"}],"about":[{"href":"https:\/\/juergen-wilke.net\/index.php?rest_route=\/wp\/v2\/types\/post"}],"author":[{"embeddable":true,"href":"https:\/\/juergen-wilke.net\/index.php?rest_route=\/wp\/v2\/users\/1"}],"replies":[{"embeddable":true,"href":"https:\/\/juergen-wilke.net\/index.php?rest_route=%2Fwp%2Fv2%2Fcomments&post=439"}],"version-history":[{"count":4,"href":"https:\/\/juergen-wilke.net\/index.php?rest_route=\/wp\/v2\/posts\/439\/revisions"}],"predecessor-version":[{"id":443,"href":"https:\/\/juergen-wilke.net\/index.php?rest_route=\/wp\/v2\/posts\/439\/revisions\/443"}],"wp:attachment":[{"href":"https:\/\/juergen-wilke.net\/index.php?rest_route=%2Fwp%2Fv2%2Fmedia&parent=439"}],"wp:term":[{"taxonomy":"category","embeddable":true,"href":"https:\/\/juergen-wilke.net\/index.php?rest_route=%2Fwp%2Fv2%2Fcategories&post=439"},{"taxonomy":"post_tag","embeddable":true,"href":"https:\/\/juergen-wilke.net\/index.php?rest_route=%2Fwp%2Fv2%2Ftags&post=439"}],"curies":[{"name":"wp","href":"https:\/\/api.w.org\/{rel}","templated":true}]}}