{"id":445,"date":"2017-11-21T18:50:41","date_gmt":"2017-11-21T18:50:41","guid":{"rendered":"http:\/\/juergen-wilke.net\/?p=445"},"modified":"2020-04-12T19:40:02","modified_gmt":"2020-04-12T19:40:02","slug":"auf-dem-weg-zur-luegenpresse","status":"publish","type":"post","link":"https:\/\/juergen-wilke.net\/?p=445","title":{"rendered":"Auf dem Weg zur \u201eL\u00fcgenpresse\u201c"},"content":{"rendered":"<p>Das Institut f\u00fcr Zeitungsforschung der Stadt Dortmund veranstaltet am 24. November 2017 eine Fachtagung zum Thema <a href=\"https:\/\/www.dortmund.de\/de\/leben_in_dortmund\/nachrichtenportal\/alle_nachrichten\/nachricht.jsp?nid=491532\" target=\"_blank\" rel=\"noopener noreferrer\">\u201eGlaubst Du noch oder wei\u00dft du schon? Zur Glaubw\u00fcrdigkeit von Medien in historischer und aktueller Perspektive.\u201c<\/a> Im Rahmen des Programms dieser Tagung spricht J\u00fcrgen Wilke \u00fcber: \u201eVon der Entfesselung zur \u201aL\u00fcgenpresse\u2018. 1848 bis zum Ersten Weltkrieg\u201c.<!--more--><\/p>\n<p>Behandelt wird darin, wie sich die Zeitungspresse in der zweiten H\u00e4lfte des 19. Jahrhunderts von technischen, rechtlichen und \u00f6konomischen Fesseln befreite. Ihre Expansion hatte jedoch Begleiterscheinungen und Folgen, die zum Vorwurf der \u201eL\u00fcgenpresse\u201c f\u00fchrten. Welche Triebfedern haben diesen Vorwurf begr\u00fcndet? Zu einer Neuauflage des Vorwurfs kam es im Ersten Weltkrieg. Zun\u00e4chst wandte man sich gegen den \u201eL\u00fcgenfeldzug der Feinde\u201c. Nach Kriegsende jedoch wurde offenbar, wie die deutsche \u00d6ffentlichkeit selbst belogen worden war.<\/p>\n\n\n<p><strong>Update vom 12.04.2020<\/strong><\/p>\n\n\n\n<p>Inzwischen erschienen:<\/p>\n\n\n\n<p>Von der Entfesselung der Presse zur &#8222;L\u00fcgenpresse&#8220;. 1848 bis zum Ersten Weltkrieg. In: Astrid Blome, Tobias Eberwein, Stefanie Averbeck-Lietz (Hrsg.): Medienvertrauen. Historische und aktuelle Perspektiven. Berlin\/Boston: De Gruyter\/Saur 2020, S. 33-57.<\/p>\n","protected":false},"excerpt":{"rendered":"<p>Das Institut f\u00fcr Zeitungsforschung der Stadt Dortmund veranstaltet am 24. November 2017 eine Fachtagung zum Thema \u201eGlaubst Du noch oder wei\u00dft du schon? Zur Glaubw\u00fcrdigkeit von Medien in historischer und aktueller Perspektive.\u201c Im Rahmen des Programms dieser Tagung spricht J\u00fcrgen Wilke \u00fcber: \u201eVon der Entfesselung zur \u201aL\u00fcgenpresse\u2018. 1848 bis zum Ersten Weltkrieg\u201c.<\/p>\n","protected":false},"author":1,"featured_media":0,"comment_status":"closed","ping_status":"closed","sticky":false,"template":"","format":"standard","meta":{"ngg_post_thumbnail":0,"footnotes":""},"categories":[1],"tags":[],"class_list":["post-445","post","type-post","status-publish","format-standard","hentry","category-allgemein"],"_links":{"self":[{"href":"https:\/\/juergen-wilke.net\/index.php?rest_route=\/wp\/v2\/posts\/445","targetHints":{"allow":["GET"]}}],"collection":[{"href":"https:\/\/juergen-wilke.net\/index.php?rest_route=\/wp\/v2\/posts"}],"about":[{"href":"https:\/\/juergen-wilke.net\/index.php?rest_route=\/wp\/v2\/types\/post"}],"author":[{"embeddable":true,"href":"https:\/\/juergen-wilke.net\/index.php?rest_route=\/wp\/v2\/users\/1"}],"replies":[{"embeddable":true,"href":"https:\/\/juergen-wilke.net\/index.php?rest_route=%2Fwp%2Fv2%2Fcomments&post=445"}],"version-history":[{"count":10,"href":"https:\/\/juergen-wilke.net\/index.php?rest_route=\/wp\/v2\/posts\/445\/revisions"}],"predecessor-version":[{"id":524,"href":"https:\/\/juergen-wilke.net\/index.php?rest_route=\/wp\/v2\/posts\/445\/revisions\/524"}],"wp:attachment":[{"href":"https:\/\/juergen-wilke.net\/index.php?rest_route=%2Fwp%2Fv2%2Fmedia&parent=445"}],"wp:term":[{"taxonomy":"category","embeddable":true,"href":"https:\/\/juergen-wilke.net\/index.php?rest_route=%2Fwp%2Fv2%2Fcategories&post=445"},{"taxonomy":"post_tag","embeddable":true,"href":"https:\/\/juergen-wilke.net\/index.php?rest_route=%2Fwp%2Fv2%2Ftags&post=445"}],"curies":[{"name":"wp","href":"https:\/\/api.w.org\/{rel}","templated":true}]}}