{"id":454,"date":"2018-02-10T22:21:16","date_gmt":"2018-02-10T22:21:16","guid":{"rendered":"http:\/\/juergen-wilke.net\/?p=454"},"modified":"2018-02-10T22:21:37","modified_gmt":"2018-02-10T22:21:37","slug":"karl-jaspers-und-die-massenmedien","status":"publish","type":"post","link":"https:\/\/juergen-wilke.net\/?p=454","title":{"rendered":"Karl Jaspers und die Massenmedien"},"content":{"rendered":"<p>Der Philosoph Karl Jaspers war nach 1945 einer der ma\u00dfgeblichen intellektuellen Figuren in der fr\u00fchen Bundesrepublik Deutschland. Diesen Ruf erwarb er sich vor allem, weil er sich extensiv der modernen Massenmedien bediente. Man kann geradezu von einer Omnipr\u00e4senz sprechen, die sich auf alle publizistischen Medien erstreckte. Dazu hat J\u00fcrgen Wilke jetzt eine eigene detaillierte Studie vorgelegt.<!--more--><\/p>\n<p>Die intensive Benutzung der Massenmedien wurzelte bei Jaspers \u2013 wie sein politisches Engagement generell \u2013 in seiner Existenzphilosophie. Dabei geriet er jedoch in einen Rollenkonflikt: zwischen den Aufgaben als \u201estrenger\u201c Philosoph und als ein auf \u00f6ffentliche Breitenwirkung reflektierender Denker und Moralist. Zugleich gibt Jaspers ein paradigmatisches Beispiel ab f\u00fcr die Erfahrung der Ambivalenz der \u00d6ffentlichkeit: Er suchte sie einerseits \u00fcber die Medien, litt aber zugleich unter ihr und den Schmerzen, die sie f\u00fcr jeden bereith\u00e4lt, der sich in ihr umtut.<\/p>\n<p>J\u00fcrgen Wilke: <a href=\"http:\/\/d-nb.info\/1151900524\" rel=\"noopener\" target=\"_blank\">Karl Jaspers und die Massenmedien. Der politische Philosoph im Widerstreit der \u00d6ffentlichkeit.<\/a> Bremen: edition lumi\u00e8re 2018, 153 S., 24.80 EUR.<\/p>\n","protected":false},"excerpt":{"rendered":"<p>Der Philosoph Karl Jaspers war nach 1945 einer der ma\u00dfgeblichen intellektuellen Figuren in der fr\u00fchen Bundesrepublik Deutschland. Diesen Ruf erwarb er sich vor allem, weil er sich extensiv der modernen Massenmedien bediente. Man kann geradezu von einer Omnipr\u00e4senz sprechen, die sich auf alle publizistischen Medien erstreckte. Dazu hat J\u00fcrgen Wilke jetzt eine eigene detaillierte Studie vorgelegt.<\/p>\n","protected":false},"author":1,"featured_media":0,"comment_status":"closed","ping_status":"closed","sticky":false,"template":"","format":"standard","meta":{"ngg_post_thumbnail":0,"footnotes":""},"categories":[1],"tags":[],"class_list":["post-454","post","type-post","status-publish","format-standard","hentry","category-allgemein"],"_links":{"self":[{"href":"https:\/\/juergen-wilke.net\/index.php?rest_route=\/wp\/v2\/posts\/454","targetHints":{"allow":["GET"]}}],"collection":[{"href":"https:\/\/juergen-wilke.net\/index.php?rest_route=\/wp\/v2\/posts"}],"about":[{"href":"https:\/\/juergen-wilke.net\/index.php?rest_route=\/wp\/v2\/types\/post"}],"author":[{"embeddable":true,"href":"https:\/\/juergen-wilke.net\/index.php?rest_route=\/wp\/v2\/users\/1"}],"replies":[{"embeddable":true,"href":"https:\/\/juergen-wilke.net\/index.php?rest_route=%2Fwp%2Fv2%2Fcomments&post=454"}],"version-history":[{"count":2,"href":"https:\/\/juergen-wilke.net\/index.php?rest_route=\/wp\/v2\/posts\/454\/revisions"}],"predecessor-version":[{"id":456,"href":"https:\/\/juergen-wilke.net\/index.php?rest_route=\/wp\/v2\/posts\/454\/revisions\/456"}],"wp:attachment":[{"href":"https:\/\/juergen-wilke.net\/index.php?rest_route=%2Fwp%2Fv2%2Fmedia&parent=454"}],"wp:term":[{"taxonomy":"category","embeddable":true,"href":"https:\/\/juergen-wilke.net\/index.php?rest_route=%2Fwp%2Fv2%2Fcategories&post=454"},{"taxonomy":"post_tag","embeddable":true,"href":"https:\/\/juergen-wilke.net\/index.php?rest_route=%2Fwp%2Fv2%2Ftags&post=454"}],"curies":[{"name":"wp","href":"https:\/\/api.w.org\/{rel}","templated":true}]}}