{"id":474,"date":"2019-01-06T17:24:25","date_gmt":"2019-01-06T17:24:25","guid":{"rendered":"http:\/\/juergen-wilke.net\/?p=474"},"modified":"2019-01-06T17:30:44","modified_gmt":"2019-01-06T17:30:44","slug":"vor-hundert-jahren-krieg-im-berliner-zeitungsviertel","status":"publish","type":"post","link":"https:\/\/juergen-wilke.net\/?p=474","title":{"rendered":"Vor hundert Jahren: Krieg im Berliner Zeitungsviertel"},"content":{"rendered":"\n<p>Die\nzweite Januarwoche 1919 in Berlin war eine besonders dramatische. Die seit der\nAusrufung der Republik am 9. November 1918 ausgebrochenen, auch mit\nWaffengewalt ausgetragenen Unruhen griffen in der Reichshauptstadt auf das\nZeitungviertel \u00fcber, wo die gro\u00dfen Presseverlage angesiedelt waren. Diese\nEpisode aus dem Umbruch vom Kaiserreich zur Weimarer Republik ist Gegenstand\neines Artikels von J\u00fcrgen Wilke in der \u201eFrankfurter Allgemeinen Zeitung\u201c vom 4.\nJanuar 2019.<\/p>\n\n\n\n<!--more-->\n\n\n\n<p>Mehrere Berliner Zeitungen konnten in der ganzen Woche nicht erscheinen. Das verhinderten die Aufst\u00e4ndischen, die die Verlagsh\u00e4user besetzt hielten. Truppen der Regierung gelang es erst am Ende der Woche, diese H\u00e4user zur\u00fcckzuerobern, wobei es zahlreiche Todesopfer gab. Danach kehrte sich die Gewalt gegen die linksgerichtete Presse. Die Episode illustriert, wie revolution\u00e4re Bewegungen in der Moderne nicht allein darauf aus sind, die politische und milit\u00e4rische Herrschaft zu erringen. Sie wollen auch die Mittel der Information und der Meinungsbildung in die Hand bekommen, seinerzeit die gedruckte Presse, sp\u00e4ter, in \u00e4hnlichen F\u00e4llen, auch die anderen Medien der Massenkommunikation.<\/p>\n\n\n\n<p>J\u00fcrgen Wilke: Krieg im Zeitungsviertel. In: Frankfurter Allgemeine Zeitung Nr. 3 vom 4. Januar 2019, S. 13. <a href=\"https:\/\/www.faz.net\/aktuell\/feuilleton\/vor-100-jahren-tobte-in-berlin-der-spartakusaufstand-15970780.html\">(Link zu Online-Version<\/a>)<\/p>\n\n\n\n<p><\/p>\n","protected":false},"excerpt":{"rendered":"<p>Die zweite Januarwoche 1919 in Berlin war eine besonders dramatische. Die seit der Ausrufung der Republik am 9. November 1918 ausgebrochenen, auch mit Waffengewalt ausgetragenen Unruhen griffen in der Reichshauptstadt auf das Zeitungviertel \u00fcber, wo die gro\u00dfen Presseverlage angesiedelt waren. Diese Episode aus dem Umbruch vom Kaiserreich zur Weimarer Republik ist Gegenstand eines Artikels von J\u00fcrgen Wilke in der \u201eFrankfurter Allgemeinen Zeitung\u201c vom 4. Januar 2019.<\/p>\n","protected":false},"author":1,"featured_media":0,"comment_status":"closed","ping_status":"closed","sticky":false,"template":"","format":"standard","meta":{"ngg_post_thumbnail":0,"footnotes":""},"categories":[1],"tags":[],"class_list":["post-474","post","type-post","status-publish","format-standard","hentry","category-allgemein"],"_links":{"self":[{"href":"https:\/\/juergen-wilke.net\/index.php?rest_route=\/wp\/v2\/posts\/474","targetHints":{"allow":["GET"]}}],"collection":[{"href":"https:\/\/juergen-wilke.net\/index.php?rest_route=\/wp\/v2\/posts"}],"about":[{"href":"https:\/\/juergen-wilke.net\/index.php?rest_route=\/wp\/v2\/types\/post"}],"author":[{"embeddable":true,"href":"https:\/\/juergen-wilke.net\/index.php?rest_route=\/wp\/v2\/users\/1"}],"replies":[{"embeddable":true,"href":"https:\/\/juergen-wilke.net\/index.php?rest_route=%2Fwp%2Fv2%2Fcomments&post=474"}],"version-history":[{"count":4,"href":"https:\/\/juergen-wilke.net\/index.php?rest_route=\/wp\/v2\/posts\/474\/revisions"}],"predecessor-version":[{"id":478,"href":"https:\/\/juergen-wilke.net\/index.php?rest_route=\/wp\/v2\/posts\/474\/revisions\/478"}],"wp:attachment":[{"href":"https:\/\/juergen-wilke.net\/index.php?rest_route=%2Fwp%2Fv2%2Fmedia&parent=474"}],"wp:term":[{"taxonomy":"category","embeddable":true,"href":"https:\/\/juergen-wilke.net\/index.php?rest_route=%2Fwp%2Fv2%2Fcategories&post=474"},{"taxonomy":"post_tag","embeddable":true,"href":"https:\/\/juergen-wilke.net\/index.php?rest_route=%2Fwp%2Fv2%2Ftags&post=474"}],"curies":[{"name":"wp","href":"https:\/\/api.w.org\/{rel}","templated":true}]}}