{"id":481,"date":"2019-03-06T14:29:51","date_gmt":"2019-03-06T14:29:51","guid":{"rendered":"http:\/\/juergen-wilke.net\/?p=481"},"modified":"2019-03-06T14:39:14","modified_gmt":"2019-03-06T14:39:14","slug":"wahlkampfstudie-2017","status":"publish","type":"post","link":"https:\/\/juergen-wilke.net\/?p=481","title":{"rendered":"Wahlkampfstudie 2017"},"content":{"rendered":"\n<p>Zu den \u201eKlassikern\u201c der Wahlkampfforschung hierzulande geh\u00f6ren die von J\u00fcrgen Wilke und Carsten Reinemann vor zwei Jahrzehnten initiierten <a rel=\"noreferrer noopener\" aria-label=\"Studien zur Berichterstattung deutscher Tageszeitungen \u00fcber die Bundestagswahlk\u00e4mpfe und die Darstellung der jeweiligen Kanzlerkandidaten (\u00f6ffnet in neuem Tab)\" href=\"http:\/\/d-nb.info\/959246819\" target=\"_blank\">Studien zur Berichterstattung deutscher Tageszeitungen \u00fcber die Bundestagswahlk\u00e4mpfe und die Darstellung der jeweiligen Kanzlerkandidaten<\/a>. Die j\u00fcngste in der Serie dieser Studien, die sich auf den Wahlkampf 2017 bezieht und die wieder gemeinsam von Melanie Leidecker-Sandmann und J\u00fcrgen Wilke durchgef\u00fchrt wurde, ist gerade im Druck erschienen.<\/p>\n\n\n\n<!--more-->\n\n\n\n<p>Die Studie tr\u00e4gt den Titel  \u201eAus dem Rahmen fallend oder eher \u201emiddle of the road\u201c? Die Presseberichterstattung zur Bundestagswahl 2017 im Langzeitvergleich\u201c und wurde abermals von FAZIT-Stiftung unterst\u00fctzt. Sie analysiert die Berichterstattung \u00fcber den Wahlkampf 2017 und erm\u00f6glicht einen Vergleich zu den vorangegangenen Wahlk\u00e4mpfen seit 1949. Daf\u00fcr wurde eine Inhaltsanalyse der vier Tageszeitungen \u201eFrankfurter Rundschau\u201c, \u201eS\u00fcddeutsche Zeitung\u201c, \u201eFrankfurter Allgemeine Zeitung\u201c und \u201eDie Welt\u201c in den letzten vier Wochen vor dem Wahltag vorgenommen. Aspekte der Untersuchung waren wie \u00fcblich der Umfang und der Verlauf der Berichterstattung, die Darstellungsformen, die Quellen und Urheber, die Anl\u00e4sse und Themen sowie Personalisierung, Authentizit\u00e4t und Visualisierung. Bei den Kanzlerkandidaten Angela Merkel und Martin Schulz interessierte au\u00dferdem vor allem die Bewertung. Die im Titel des Aufsatzes aufgeworfene Frage wird dahingehend beantwortet, dass es sich trotz der politischen Ver\u00e4nderungen der letzten Jahre im langfristigen Vergleich eher um einen Wahlkampf von eher mittlerer medialer Aufmerksamkeit gehandelt hat.<\/p>\n\n\n\n<p>Melanie Leidecker-Sandmann\/J\u00fcrgen Wilke: <a rel=\"noreferrer noopener\" aria-label=\"Aus dem Rahmen fallend oder eher \u201emiddle of the road\u201c? Die Presseberichterstattung zur Bundestagswahl 2017 im Langzeitvergleich. (\u00f6ffnet in neuem Tab)\" href=\"https:\/\/doi.org\/10.1007\/978-3-658-24824-6_9\" target=\"_blank\">Aus dem Rahmen fallend oder eher \u201emiddle of the road\u201c? Die Presseberichterstattung zur Bundestagswahl 2017 im Langzeitvergleich.<\/a> In: Christina Holtz-Bacha (Hrsg.): Die (Massen-)Medien im Wahlkampf. Die Bundestagswahl 2017. Wiesbaden 2019, S. 209-242.<\/p>\n","protected":false},"excerpt":{"rendered":"<p>Zu den \u201eKlassikern\u201c der Wahlkampfforschung hierzulande geh\u00f6ren die von J\u00fcrgen Wilke und Carsten Reinemann vor zwei Jahrzehnten initiierten Studien zur Berichterstattung deutscher Tageszeitungen \u00fcber die Bundestagswahlk\u00e4mpfe und die Darstellung der jeweiligen Kanzlerkandidaten. Die j\u00fcngste in der Serie dieser Studien, die sich auf den Wahlkampf 2017 bezieht und die wieder gemeinsam von Melanie Leidecker-Sandmann und J\u00fcrgen Wilke durchgef\u00fchrt wurde, ist gerade im Druck erschienen.<\/p>\n","protected":false},"author":1,"featured_media":0,"comment_status":"closed","ping_status":"closed","sticky":false,"template":"","format":"standard","meta":{"ngg_post_thumbnail":0,"footnotes":""},"categories":[1],"tags":[],"class_list":["post-481","post","type-post","status-publish","format-standard","hentry","category-allgemein"],"_links":{"self":[{"href":"https:\/\/juergen-wilke.net\/index.php?rest_route=\/wp\/v2\/posts\/481","targetHints":{"allow":["GET"]}}],"collection":[{"href":"https:\/\/juergen-wilke.net\/index.php?rest_route=\/wp\/v2\/posts"}],"about":[{"href":"https:\/\/juergen-wilke.net\/index.php?rest_route=\/wp\/v2\/types\/post"}],"author":[{"embeddable":true,"href":"https:\/\/juergen-wilke.net\/index.php?rest_route=\/wp\/v2\/users\/1"}],"replies":[{"embeddable":true,"href":"https:\/\/juergen-wilke.net\/index.php?rest_route=%2Fwp%2Fv2%2Fcomments&post=481"}],"version-history":[{"count":4,"href":"https:\/\/juergen-wilke.net\/index.php?rest_route=\/wp\/v2\/posts\/481\/revisions"}],"predecessor-version":[{"id":486,"href":"https:\/\/juergen-wilke.net\/index.php?rest_route=\/wp\/v2\/posts\/481\/revisions\/486"}],"wp:attachment":[{"href":"https:\/\/juergen-wilke.net\/index.php?rest_route=%2Fwp%2Fv2%2Fmedia&parent=481"}],"wp:term":[{"taxonomy":"category","embeddable":true,"href":"https:\/\/juergen-wilke.net\/index.php?rest_route=%2Fwp%2Fv2%2Fcategories&post=481"},{"taxonomy":"post_tag","embeddable":true,"href":"https:\/\/juergen-wilke.net\/index.php?rest_route=%2Fwp%2Fv2%2Ftags&post=481"}],"curies":[{"name":"wp","href":"https:\/\/api.w.org\/{rel}","templated":true}]}}