{"id":500,"date":"2019-06-20T15:32:37","date_gmt":"2019-06-20T15:32:37","guid":{"rendered":"http:\/\/juergen-wilke.net\/?p=500"},"modified":"2019-06-20T15:34:57","modified_gmt":"2019-06-20T15:34:57","slug":"200-jahre-karlsbader-beschluesse","status":"publish","type":"post","link":"https:\/\/juergen-wilke.net\/?p=500","title":{"rendered":"200 Jahre Karlsbader Beschl\u00fcsse"},"content":{"rendered":"\n<p>Mit den Karlsbader Beschl\u00fcssen j\u00e4hrt sich 2019 zum zweihundertsten Mal ein f\u00fcr die deutsche Geschichte und insbesondere f\u00fcr die Geschichte des Journalismus und der Presse bedeutendes Ereignis. Diesem Anlass ist das gerade neu erschienene Buch von J\u00fcrgen Wilke gewidmet. Darin werden die Karlsbader Beschl\u00fcsse \u2013 ihr Zustandekommen, ihre Inhalte und ihre Folgen \u2013 f\u00fcr \u00d6ffentlichkeit und Wissenschaft und f\u00fcr das so viel berufene kollektive Ged\u00e4chtnis in Deutschland vergegenw\u00e4rtigt.<\/p>\n\n\n\n<!--more-->\n\n\n\n<p>Das Ergebnis der Ministerialkonferenzen vom 6. bis 31. August 1819 im b\u00f6hmischen Karlsbad, das am 20. September d.J. vom Bundestag in Frankfurt ratifiziert wurde, leitete im Deutschen Bund eine jahrzehntelange Phase der politischen und geistigen Repression ein. Damit verbinden sich zahllose unerfreuliche Erfahrungen und gescheiterte Hoffnungen. Die Beschl\u00fcsse unterwarfen nicht nur die Presse wieder strikten Zensurma\u00dfnahmen. Sie sorgten auch f\u00fcr eine \u00dcberwachung der Universit\u00e4ten, etablierten ein Bespitzelungssystem und erm\u00f6glichten es dem Bund, mit einer Exekutionsordnung gegen Sonderwege einzelner Mitgliedstaaten vorzugehen. Zudem sollte die Errichtung repr\u00e4sentativ-demokratischer Verfassungen verhindert werden. Das Buch enth\u00e4lt auch ein Kapitel zur Ikonografie der Karlsbader Beschl\u00fcsse und eines zu deren Pr\u00e4senz im musealen Ged\u00e4chtnis.<\/p>\n\n\n\n<p>J\u00fcrgen Wilke: <a href=\"https:\/\/www.editionlumiere.de\/wilke-karlsbad.html\">200 Jahre Karlsbader Beschl\u00fcsse. Zustandekommen, Inhalte, Folgen.<\/a> Bremen: edition lumi\u00e8re 2019. \u20ac 29.80.<\/p>\n","protected":false},"excerpt":{"rendered":"<p>Mit den Karlsbader Beschl\u00fcssen j\u00e4hrt sich 2019 zum zweihundertsten Mal ein f\u00fcr die deutsche Geschichte und insbesondere f\u00fcr die Geschichte des Journalismus und der Presse bedeutendes Ereignis. Diesem Anlass ist das gerade neu erschienene Buch von J\u00fcrgen Wilke gewidmet. Darin werden die Karlsbader Beschl\u00fcsse \u2013 ihr Zustandekommen, ihre Inhalte und ihre Folgen \u2013 f\u00fcr \u00d6ffentlichkeit und Wissenschaft und f\u00fcr das so viel berufene kollektive Ged\u00e4chtnis in Deutschland vergegenw\u00e4rtigt.<\/p>\n","protected":false},"author":1,"featured_media":0,"comment_status":"closed","ping_status":"closed","sticky":false,"template":"","format":"standard","meta":{"ngg_post_thumbnail":0,"footnotes":""},"categories":[1],"tags":[],"class_list":["post-500","post","type-post","status-publish","format-standard","hentry","category-allgemein"],"_links":{"self":[{"href":"https:\/\/juergen-wilke.net\/index.php?rest_route=\/wp\/v2\/posts\/500","targetHints":{"allow":["GET"]}}],"collection":[{"href":"https:\/\/juergen-wilke.net\/index.php?rest_route=\/wp\/v2\/posts"}],"about":[{"href":"https:\/\/juergen-wilke.net\/index.php?rest_route=\/wp\/v2\/types\/post"}],"author":[{"embeddable":true,"href":"https:\/\/juergen-wilke.net\/index.php?rest_route=\/wp\/v2\/users\/1"}],"replies":[{"embeddable":true,"href":"https:\/\/juergen-wilke.net\/index.php?rest_route=%2Fwp%2Fv2%2Fcomments&post=500"}],"version-history":[{"count":2,"href":"https:\/\/juergen-wilke.net\/index.php?rest_route=\/wp\/v2\/posts\/500\/revisions"}],"predecessor-version":[{"id":502,"href":"https:\/\/juergen-wilke.net\/index.php?rest_route=\/wp\/v2\/posts\/500\/revisions\/502"}],"wp:attachment":[{"href":"https:\/\/juergen-wilke.net\/index.php?rest_route=%2Fwp%2Fv2%2Fmedia&parent=500"}],"wp:term":[{"taxonomy":"category","embeddable":true,"href":"https:\/\/juergen-wilke.net\/index.php?rest_route=%2Fwp%2Fv2%2Fcategories&post=500"},{"taxonomy":"post_tag","embeddable":true,"href":"https:\/\/juergen-wilke.net\/index.php?rest_route=%2Fwp%2Fv2%2Ftags&post=500"}],"curies":[{"name":"wp","href":"https:\/\/api.w.org\/{rel}","templated":true}]}}