{"id":528,"date":"2020-08-02T13:06:08","date_gmt":"2020-08-02T13:06:08","guid":{"rendered":"http:\/\/juergen-wilke.net\/?p=528"},"modified":"2020-08-02T13:15:03","modified_gmt":"2020-08-02T13:15:03","slug":"medienkonvergenz-avant-la-lettre","status":"publish","type":"post","link":"https:\/\/juergen-wilke.net\/?p=528","title":{"rendered":"Medienkonvergenz <i>avant la lettre<\/i>"},"content":{"rendered":"\n<p>In nur wenigen Jahren hat sich das Ensemble der Kommunikationsmedien vergr\u00f6\u00dfert und ver\u00e4ndert. Durch neue Technologien haben sich diese nicht nur vermehrt, sondern zugleich sind die Grenzen zwischen ihnen flie\u00dfend geworden. F\u00fcr diesen Prozess hat sich inzwischen der Begriff \u201eMedienkonvergenz\u201c eingeb\u00fcrgert. Doch hat diese durchaus historisch zur\u00fcckreichende Vorstufen, sozusagen eine Medienkonvergenz <i>avant la lettre<\/i>, die J\u00fcrgen Wilke in einem Beitrag in der Festschrift f\u00fcr den Mainzer Buchwissenschaftler Stephan F\u00fcssel darstellt.<\/p>\n\n\n\n<!--more-->\n\n\n\n<p>Wilke schildert diese Vorgeschichte in mehreren Stufen, ausgehend von der \u201ejournalm\u00e4\u00dfigen\u201c Erweiterung der Zeitung im 18. Jahrhundert, \u00fcber \u201eGattungszwitter\u201c in der Volksaufkl\u00e4rung und die illustrierte Zeitung, bis hin zu den Druckmedien am Ende des 19. Jahrhunderts. Im 20. Jahrhundert wurden neue Medien in der Regel zun\u00e4chst aus der Perspektive der bestehenden Medien wahrgenommen: die \u201egefilmte\u201c Zeitung, sp\u00e4ter die \u201egefunkte\u201c Zeitung und schlie\u00dflich das Fernsehen als \u201eRundfunk f\u00fcr die Augen\u201c, als t\u00e4gliche Wochenschau und als \u201eHeimkino\u201c.<\/p>\n\n\n\n<p>J\u00fcrgen Wilke: Medienkonvergenz <i>avant la lettre<\/i>. Zur Vorgeschichte eines aktuellen Trends. In: <a href=\"http:\/\/d-nb.info\/1212678664\">Christoph Reske (Hrsg.): Kontext Buch. Festschrift f\u00fcr Stephan F\u00fcssel. Wiesbaden 2020, S. 83-100.<\/a><\/p>\n","protected":false},"excerpt":{"rendered":"<p>In nur wenigen Jahren hat sich das Ensemble der Kommunikationsmedien vergr\u00f6\u00dfert und ver\u00e4ndert. Durch neue Technologien haben sich diese nicht nur vermehrt, sondern zugleich sind die Grenzen zwischen ihnen flie\u00dfend geworden. F\u00fcr diesen Prozess hat sich inzwischen der Begriff \u201eMedienkonvergenz\u201c eingeb\u00fcrgert. Doch hat diese durchaus historisch zur\u00fcckreichende Vorstufen, sozusagen eine Medienkonvergenz avant la lettre, die J\u00fcrgen Wilke in einem Beitrag in der Festschrift f\u00fcr den Mainzer Buchwissenschaftler Stephan F\u00fcssel darstellt.<\/p>\n","protected":false},"author":1,"featured_media":0,"comment_status":"closed","ping_status":"closed","sticky":false,"template":"","format":"standard","meta":{"ngg_post_thumbnail":0,"footnotes":""},"categories":[1],"tags":[],"class_list":["post-528","post","type-post","status-publish","format-standard","hentry","category-allgemein"],"_links":{"self":[{"href":"https:\/\/juergen-wilke.net\/index.php?rest_route=\/wp\/v2\/posts\/528","targetHints":{"allow":["GET"]}}],"collection":[{"href":"https:\/\/juergen-wilke.net\/index.php?rest_route=\/wp\/v2\/posts"}],"about":[{"href":"https:\/\/juergen-wilke.net\/index.php?rest_route=\/wp\/v2\/types\/post"}],"author":[{"embeddable":true,"href":"https:\/\/juergen-wilke.net\/index.php?rest_route=\/wp\/v2\/users\/1"}],"replies":[{"embeddable":true,"href":"https:\/\/juergen-wilke.net\/index.php?rest_route=%2Fwp%2Fv2%2Fcomments&post=528"}],"version-history":[{"count":6,"href":"https:\/\/juergen-wilke.net\/index.php?rest_route=\/wp\/v2\/posts\/528\/revisions"}],"predecessor-version":[{"id":534,"href":"https:\/\/juergen-wilke.net\/index.php?rest_route=\/wp\/v2\/posts\/528\/revisions\/534"}],"wp:attachment":[{"href":"https:\/\/juergen-wilke.net\/index.php?rest_route=%2Fwp%2Fv2%2Fmedia&parent=528"}],"wp:term":[{"taxonomy":"category","embeddable":true,"href":"https:\/\/juergen-wilke.net\/index.php?rest_route=%2Fwp%2Fv2%2Fcategories&post=528"},{"taxonomy":"post_tag","embeddable":true,"href":"https:\/\/juergen-wilke.net\/index.php?rest_route=%2Fwp%2Fv2%2Ftags&post=528"}],"curies":[{"name":"wp","href":"https:\/\/api.w.org\/{rel}","templated":true}]}}