{"id":536,"date":"2020-11-06T20:05:11","date_gmt":"2020-11-06T20:05:11","guid":{"rendered":"http:\/\/juergen-wilke.net\/?p=536"},"modified":"2020-11-21T18:22:20","modified_gmt":"2020-11-21T18:22:20","slug":"ein-rueckblick-auf-die-aera-merkel","status":"publish","type":"post","link":"https:\/\/juergen-wilke.net\/?p=536","title":{"rendered":"Ein R\u00fcckblick auf die \u00c4ra Merkel"},"content":{"rendered":"\n<p>Bei der Bundestagswahl 2021 wird Angela Merkel nicht mehr f\u00fcr das Amt der Bundeskanzlerin kandidieren. Das hatte sie nach der f\u00fcr die CDU m\u00e4\u00dfig ausgegangenen hessischen Landtagswahl Ende Oktober 2018 erkl\u00e4rt. Zusammen mit Melanie Leidecker-Sandmann wirft J\u00fcrgen Wilke schon vorweg einen R\u00fcckblick auf die \u00c4ra Merkel. Der Untersuchungsgegenstand sind dabei die vier Bundestagswahlen 2005, 2009, 2013 und 2017, bei denen Angela Merkel die Kanzlerkandidatin der Unionsparteien war.<\/p>\n\n\n\n<!--more-->\n\n\n\n<p>Nach diesen Wahlen waren jeweils Einzelstudien durchgef\u00fchrt worden \u2013 im Rahmen einer langfristigen, bis zur ersten Bundestagswahl 1949 zur\u00fcckreichenden Untersuchungsserie. Dabei handelt es sich jeweils um Inhaltsanalysen der Wahlkampfberichterstattung in den vier gro\u00dfen, hierzulande tonangebenden Zeitungen: der <em>Frankfurter Rundschau<\/em>, der <em>S\u00fcddeutschen Zeitung<\/em>, der <em>Frankfurter Allgemeinen Zeitung<\/em> und der <em>Welt<\/em>, erg\u00e4nzt um <em>Bild<\/em> und <em>Welt kompakt<\/em>. Jetzt haben Leidecker-Sandmann und Wilke die vier \u201eMerkel-Wahlen\u201c noch einmal zusammenfassend ausgewertet und hinsichtlich der Konkurrenz zu den SPD-Kanzlerkandidaten verglichen. Es geht dabei um den Umfang der Berichterstattung, die Geschlechterfrage, den Amtsbonus, die visuelle Pr\u00e4senz und insbesondere die Bewertungen der Kandidatin und ihrer Konkurrenten. Auff\u00e4llig war insgesamt ein \u00dcberhang negativer Bewertungen von Merkel in den Tageszeitungen, der im Kontrast stand zu ihrer Einsch\u00e4tzung in der Bev\u00f6lkerungsmeinung.<\/p>\n\n\n\n<p>J\u00fcrgen Wilke &amp; Melanie Leidecker-Sandmann: <a href=\"https:\/\/doi.org\/10.1007\/978-3-658-29321-5_7\" target=\"_blank\" rel=\"noreferrer noopener\">Wahlerfolge in der medialen Kandidatenkonkurrenz. Ein R\u00fcckblick auf die \u00c4ra Merkel.<\/a> In: Jackob, Nikolaus\/Quiring, Oliver\/Maurer, Marcus (Hg.): Traditionen und Transformationen des \u00d6ffentlichen. Festschrift f\u00fcr Erich Lamp, S. 131-158. Wiesbaden: Springer VS 2020.<\/p>\n","protected":false},"excerpt":{"rendered":"<p>Bei der Bundestagswahl 2021 wird Angela Merkel nicht mehr f\u00fcr das Amt der Bundeskanzlerin kandidieren. Das hatte sie nach der f\u00fcr die CDU m\u00e4\u00dfig ausgegangenen hessischen Landtagswahl Ende Oktober 2018 erkl\u00e4rt. Zusammen mit Melanie Leidecker-Sandmann wirft J\u00fcrgen Wilke schon vorweg einen R\u00fcckblick auf die \u00c4ra Merkel. Der Untersuchungsgegenstand sind dabei die vier Bundestagswahlen 2005, 2009, 2013 und 2017, bei denen Angela Merkel die Kanzlerkandidatin der Unionsparteien war.<\/p>\n","protected":false},"author":1,"featured_media":0,"comment_status":"closed","ping_status":"closed","sticky":false,"template":"","format":"standard","meta":{"ngg_post_thumbnail":0,"footnotes":""},"categories":[1],"tags":[],"class_list":["post-536","post","type-post","status-publish","format-standard","hentry","category-allgemein"],"_links":{"self":[{"href":"https:\/\/juergen-wilke.net\/index.php?rest_route=\/wp\/v2\/posts\/536","targetHints":{"allow":["GET"]}}],"collection":[{"href":"https:\/\/juergen-wilke.net\/index.php?rest_route=\/wp\/v2\/posts"}],"about":[{"href":"https:\/\/juergen-wilke.net\/index.php?rest_route=\/wp\/v2\/types\/post"}],"author":[{"embeddable":true,"href":"https:\/\/juergen-wilke.net\/index.php?rest_route=\/wp\/v2\/users\/1"}],"replies":[{"embeddable":true,"href":"https:\/\/juergen-wilke.net\/index.php?rest_route=%2Fwp%2Fv2%2Fcomments&post=536"}],"version-history":[{"count":8,"href":"https:\/\/juergen-wilke.net\/index.php?rest_route=\/wp\/v2\/posts\/536\/revisions"}],"predecessor-version":[{"id":549,"href":"https:\/\/juergen-wilke.net\/index.php?rest_route=\/wp\/v2\/posts\/536\/revisions\/549"}],"wp:attachment":[{"href":"https:\/\/juergen-wilke.net\/index.php?rest_route=%2Fwp%2Fv2%2Fmedia&parent=536"}],"wp:term":[{"taxonomy":"category","embeddable":true,"href":"https:\/\/juergen-wilke.net\/index.php?rest_route=%2Fwp%2Fv2%2Fcategories&post=536"},{"taxonomy":"post_tag","embeddable":true,"href":"https:\/\/juergen-wilke.net\/index.php?rest_route=%2Fwp%2Fv2%2Ftags&post=536"}],"curies":[{"name":"wp","href":"https:\/\/api.w.org\/{rel}","templated":true}]}}