{"id":578,"date":"2021-04-21T20:23:37","date_gmt":"2021-04-21T20:23:37","guid":{"rendered":"http:\/\/juergen-wilke.net\/?p=578"},"modified":"2021-04-21T20:23:37","modified_gmt":"2021-04-21T20:23:37","slug":"wenn-wissenschaftler-innen-das-fernsehen-einschalten","status":"publish","type":"post","link":"https:\/\/juergen-wilke.net\/?p=578","title":{"rendered":"Wenn Wissenschaftler\/innen das Fernsehen einschalten\u2026"},"content":{"rendered":"\n<p>Ob und wie Wissenschaftler\/innen das Fernsehen nutzen, dar\u00fcber wissen wir wenig. Repr\u00e4sentative Umfragen dieser Berufsgruppe liefern dazu keine Daten. Um diesem Defizit zu begegnen, hat J\u00fcrgen Wilke systematisch einen Fragebogen ausgewertet, der sechs Jahre lang jeden Monat von \u201eForschung und Lehre\u201c, dem Organ des Deutschen Hochschulverbandes (DHV), eingesetzt wurde.<\/p>\n\n\n\n<!--more-->\n\n\n\n<p>Von Januar 2014 bis Dezember 2019 wurden insgesamt 72 zumeist prominente Wissenschaftler\/innen gebeten, den Satz \u201eWenn ich das Fernsehen einschalte\u2026\u201c zu erg\u00e4nzen. Die Antworten werden nach der Intensit\u00e4t der Fernsehnutzung und der Bewertung dieses Mediums in eine mehrstufige Rangfolge klassifiziert. Die Wissenschaftler\/innen geben gro\u00dfenteils an, das Fernsehen nicht oder allenfalls randst\u00e4ndig zu nutzen. Als gew\u00e4hlte Programminhalte nennen sie am ehesten noch Nachrichtensendungen und \u201eTatort\u201c-Krimis. Als Mittel sozialer Beobachtung scheint es so gut wie keine Rolle zu spielen.<\/p>\n\n\n\n<p><a href=\"https:\/\/doi.org\/10.5771\/0010-3497-2021-1-82\" data-type=\"URL\" data-id=\"https:\/\/doi.org\/10.5771\/0010-3497-2021-1-82\" target=\"_blank\" rel=\"noreferrer noopener\">J\u00fcrgen Wilke: Von Abstinenz bis Zerstreuung. Wenn Wissenschaftler das Fernsehen einschalten\u2026 Surrogat einer Mediennutzungsstudie. In: Communicatio Socialis 54 (2021) S. 82-93.<\/a><\/p>\n","protected":false},"excerpt":{"rendered":"<p>Ob und wie Wissenschaftler\/innen das Fernsehen nutzen, dar\u00fcber wissen wir wenig. Repr\u00e4sentative Umfragen dieser Berufsgruppe liefern dazu keine Daten. Um diesem Defizit zu begegnen, hat J\u00fcrgen Wilke systematisch einen Fragebogen ausgewertet, der sechs Jahre lang jeden Monat von \u201eForschung und Lehre\u201c, dem Organ des Deutschen Hochschulverbandes (DHV), eingesetzt wurde.<\/p>\n","protected":false},"author":1,"featured_media":0,"comment_status":"closed","ping_status":"closed","sticky":false,"template":"","format":"standard","meta":{"ngg_post_thumbnail":0,"footnotes":""},"categories":[1],"tags":[],"class_list":["post-578","post","type-post","status-publish","format-standard","hentry","category-allgemein"],"_links":{"self":[{"href":"https:\/\/juergen-wilke.net\/index.php?rest_route=\/wp\/v2\/posts\/578","targetHints":{"allow":["GET"]}}],"collection":[{"href":"https:\/\/juergen-wilke.net\/index.php?rest_route=\/wp\/v2\/posts"}],"about":[{"href":"https:\/\/juergen-wilke.net\/index.php?rest_route=\/wp\/v2\/types\/post"}],"author":[{"embeddable":true,"href":"https:\/\/juergen-wilke.net\/index.php?rest_route=\/wp\/v2\/users\/1"}],"replies":[{"embeddable":true,"href":"https:\/\/juergen-wilke.net\/index.php?rest_route=%2Fwp%2Fv2%2Fcomments&post=578"}],"version-history":[{"count":1,"href":"https:\/\/juergen-wilke.net\/index.php?rest_route=\/wp\/v2\/posts\/578\/revisions"}],"predecessor-version":[{"id":579,"href":"https:\/\/juergen-wilke.net\/index.php?rest_route=\/wp\/v2\/posts\/578\/revisions\/579"}],"wp:attachment":[{"href":"https:\/\/juergen-wilke.net\/index.php?rest_route=%2Fwp%2Fv2%2Fmedia&parent=578"}],"wp:term":[{"taxonomy":"category","embeddable":true,"href":"https:\/\/juergen-wilke.net\/index.php?rest_route=%2Fwp%2Fv2%2Fcategories&post=578"},{"taxonomy":"post_tag","embeddable":true,"href":"https:\/\/juergen-wilke.net\/index.php?rest_route=%2Fwp%2Fv2%2Ftags&post=578"}],"curies":[{"name":"wp","href":"https:\/\/api.w.org\/{rel}","templated":true}]}}