{"id":582,"date":"2021-06-05T17:44:20","date_gmt":"2021-06-05T17:44:20","guid":{"rendered":"http:\/\/juergen-wilke.net\/?p=582"},"modified":"2021-06-05T17:45:57","modified_gmt":"2021-06-05T17:45:57","slug":"die-ambivalenz-der-neuen-freiheit","status":"publish","type":"post","link":"https:\/\/juergen-wilke.net\/?p=582","title":{"rendered":"Die Ambivalenz der neuen Freiheit"},"content":{"rendered":"\n<p><i>Aviso,<\/i> der Informationsdienst der Deutschen Gesellschaft f\u00fcr Publizistik- und Kommunikationswissenschaft (DGPuK) widmet einen Teil ihrer Ausgabe Nr. 72 im M\u00e4rz 2021 einer Debatte dar\u00fcber, wie Kommunikationswissenschaftler und -wissenschaftlterinnen ihr Leben nach der Pensionierung gestalten, was sie weiter tun und welche Erfahrungen sie machen. J\u00fcrgen Wilke hat dazu einen Beitrag aus seiner Sicht verfasst und beschrieben, was der \u201eRuhestand\u201c f\u00fcr ihn bedeutet.<\/p>\n\n\n\n<!--more-->\n\n\n\n<p>Grundtenor dabei ist die Ambivalenz der neuen Freiheit. Einerseits l\u00e4sst sich der Eintritt in den Ruhestand als \u201eBefreiung\u201c erleben, indem Lehrverpflichtungen und Betreuungsaufgaben, auch das Schreiben von Gutachten, wegfallen. Andererseits sind damit auch Verluste verbunden, sowohl in den Forschungsm\u00f6glichkiten als auch in sozialer Hinsicht. J\u00fcrgen Wilke hat sich gleichwohl f\u00fcr das \u201eWeitermachen\u201c entschieden und nicht damit aufgeh\u00f6rt zu schreiben &#8211; B\u00fccher, Aufs\u00e4tze und Rezensionen, wor\u00fcber auch diese Website Auskunft gibt.<\/p>\n\n\n\n<p>J\u00fcrgen Wilke: Die Ambivalenz der Freiheit. In: Aviso. Informationsdienst der Deutschen Gesellschaft f\u00fcr Publizistik und Kommunikationswissenschaft H. 72, 03\/2021, S. 4-5.<\/p>\n","protected":false},"excerpt":{"rendered":"<p>Aviso, der Informationsdienst der Deutschen Gesellschaft f\u00fcr Publizistik- und Kommunikationswissenschaft (DGPuK) widmet einen Teil ihrer Ausgabe Nr. 72 im M\u00e4rz 2021 einer Debatte dar\u00fcber, wie Kommunikationswissenschaftler und -wissenschaftlterinnen ihr Leben nach der Pensionierung gestalten, was sie weiter tun und welche Erfahrungen sie machen. J\u00fcrgen Wilke hat dazu einen Beitrag aus seiner Sicht verfasst und beschrieben, was der \u201eRuhestand\u201c f\u00fcr ihn bedeutet.<\/p>\n","protected":false},"author":1,"featured_media":0,"comment_status":"closed","ping_status":"closed","sticky":false,"template":"","format":"standard","meta":{"ngg_post_thumbnail":0,"footnotes":""},"categories":[1],"tags":[],"class_list":["post-582","post","type-post","status-publish","format-standard","hentry","category-allgemein"],"_links":{"self":[{"href":"https:\/\/juergen-wilke.net\/index.php?rest_route=\/wp\/v2\/posts\/582","targetHints":{"allow":["GET"]}}],"collection":[{"href":"https:\/\/juergen-wilke.net\/index.php?rest_route=\/wp\/v2\/posts"}],"about":[{"href":"https:\/\/juergen-wilke.net\/index.php?rest_route=\/wp\/v2\/types\/post"}],"author":[{"embeddable":true,"href":"https:\/\/juergen-wilke.net\/index.php?rest_route=\/wp\/v2\/users\/1"}],"replies":[{"embeddable":true,"href":"https:\/\/juergen-wilke.net\/index.php?rest_route=%2Fwp%2Fv2%2Fcomments&post=582"}],"version-history":[{"count":2,"href":"https:\/\/juergen-wilke.net\/index.php?rest_route=\/wp\/v2\/posts\/582\/revisions"}],"predecessor-version":[{"id":584,"href":"https:\/\/juergen-wilke.net\/index.php?rest_route=\/wp\/v2\/posts\/582\/revisions\/584"}],"wp:attachment":[{"href":"https:\/\/juergen-wilke.net\/index.php?rest_route=%2Fwp%2Fv2%2Fmedia&parent=582"}],"wp:term":[{"taxonomy":"category","embeddable":true,"href":"https:\/\/juergen-wilke.net\/index.php?rest_route=%2Fwp%2Fv2%2Fcategories&post=582"},{"taxonomy":"post_tag","embeddable":true,"href":"https:\/\/juergen-wilke.net\/index.php?rest_route=%2Fwp%2Fv2%2Ftags&post=582"}],"curies":[{"name":"wp","href":"https:\/\/api.w.org\/{rel}","templated":true}]}}