{"id":591,"date":"2021-09-02T18:38:39","date_gmt":"2021-09-02T18:38:39","guid":{"rendered":"http:\/\/juergen-wilke.net\/?p=591"},"modified":"2021-09-02T18:42:16","modified_gmt":"2021-09-02T18:42:16","slug":"seuchenberichterstattung-historisch","status":"publish","type":"post","link":"https:\/\/juergen-wilke.net\/?p=591","title":{"rendered":"Seuchenberichterstattung \u2013 historisch"},"content":{"rendered":"\n<p>Als sich zu Beginn des Jahres 2020 das Corona-Virus in Deutschland (und der ganzen Welt) ausbreitete, wurde dies rasch zu einem beherrschenden Thema der gesellschaftlichen Kommunikation und auch der Massenmedien. Nicht \u00fcberraschend, dass sich schon bald die Medienforschung (mit Kritik) zu Wort meldete. Man konstatierte geradezu einen \u201eOverkill\u201c, ein \u00dcbersoll. Wie in anderen F\u00e4llen, so w\u00fcsste man gern auch in diesem, wie die Medien fr\u00fcher mit einem solchen Thema umgegangen sind. Leider gibt es dazu bisher nur wenig Forschung.<\/p>\n\n\n\n<!--more-->\n\n\n\n<p>Dies hat J\u00fcrgen Wilke zum Anlass genommen f\u00fcr eine Studie, wie in der Zeitungspresse, sowohl der englischen als auch der deutschen, \u00fcber die Gro\u00dfe Londoner Pest von 1665\/66 berichtet wurde. Sie war die erste, die in periodischen Bl\u00e4ttern fortlaufend in dem noch jungen Druckmedium ihren Niederschlag finden konnte. Die Untersuchung zeigt viele \u00c4hnlichkeiten zu heute, beispielweise den Vorrang der Opferstatistik, die Eind\u00e4mmungsversuche und den Einsatz pharmazeutischer und karitativer Mittel im Kampf gegen die Epidemie. Andererseits waren die \u201eMedienkapazit\u00e4t\u201c noch viel geringer und die amtliche Einflussnahme auf die \u00d6ffentlichkeit gr\u00f6\u00dfer. Verbl\u00fcffend ist, dass in den deutschen Zeitungen z.T. ausf\u00fchrlicher und drastischer \u00fcber die Londoner Pest berichtet wurde als in den englischen.<\/p>\n\n\n\n<p>\u201eInzwischen helt das Sterben hiesiger Orthen noch stark an\u2026\u201c Die Gro\u00dfe Londoner Pest 1965\/66 in der englischen und deutschen Zeitungspresse. In: <a href=\"https:\/\/hds.hebis.de\/ubmz\/Record\/HEB104066881\">Gutenberg-Jahrbuch 2021<\/a>. Wiesbaden: Harrassowitz 2021, S. 187-20.<\/p>\n","protected":false},"excerpt":{"rendered":"<p>Als sich zu Beginn des Jahres 2020 das Corona-Virus in Deutschland (und der ganzen Welt) ausbreitete, wurde dies rasch zu einem beherrschenden Thema der gesellschaftlichen Kommunikation und auch der Massenmedien. Nicht \u00fcberraschend, dass sich schon bald die Medienforschung (mit Kritik) zu Wort meldete. Man konstatierte geradezu einen \u201eOverkill\u201c, ein \u00dcbersoll. Wie in anderen F\u00e4llen, so w\u00fcsste man gern auch in diesem, wie die Medien fr\u00fcher mit einem solchen Thema umgegangen sind. Leider gibt es dazu bisher nur wenig Forschung.<\/p>\n","protected":false},"author":1,"featured_media":0,"comment_status":"closed","ping_status":"closed","sticky":false,"template":"","format":"standard","meta":{"ngg_post_thumbnail":0,"footnotes":""},"categories":[1],"tags":[],"class_list":["post-591","post","type-post","status-publish","format-standard","hentry","category-allgemein"],"_links":{"self":[{"href":"https:\/\/juergen-wilke.net\/index.php?rest_route=\/wp\/v2\/posts\/591","targetHints":{"allow":["GET"]}}],"collection":[{"href":"https:\/\/juergen-wilke.net\/index.php?rest_route=\/wp\/v2\/posts"}],"about":[{"href":"https:\/\/juergen-wilke.net\/index.php?rest_route=\/wp\/v2\/types\/post"}],"author":[{"embeddable":true,"href":"https:\/\/juergen-wilke.net\/index.php?rest_route=\/wp\/v2\/users\/1"}],"replies":[{"embeddable":true,"href":"https:\/\/juergen-wilke.net\/index.php?rest_route=%2Fwp%2Fv2%2Fcomments&post=591"}],"version-history":[{"count":2,"href":"https:\/\/juergen-wilke.net\/index.php?rest_route=\/wp\/v2\/posts\/591\/revisions"}],"predecessor-version":[{"id":593,"href":"https:\/\/juergen-wilke.net\/index.php?rest_route=\/wp\/v2\/posts\/591\/revisions\/593"}],"wp:attachment":[{"href":"https:\/\/juergen-wilke.net\/index.php?rest_route=%2Fwp%2Fv2%2Fmedia&parent=591"}],"wp:term":[{"taxonomy":"category","embeddable":true,"href":"https:\/\/juergen-wilke.net\/index.php?rest_route=%2Fwp%2Fv2%2Fcategories&post=591"},{"taxonomy":"post_tag","embeddable":true,"href":"https:\/\/juergen-wilke.net\/index.php?rest_route=%2Fwp%2Fv2%2Ftags&post=591"}],"curies":[{"name":"wp","href":"https:\/\/api.w.org\/{rel}","templated":true}]}}