{"id":598,"date":"2021-11-25T19:27:27","date_gmt":"2021-11-25T19:27:27","guid":{"rendered":"http:\/\/juergen-wilke.net\/?p=598"},"modified":"2021-11-25T19:27:27","modified_gmt":"2021-11-25T19:27:27","slug":"das-berliner-tageblatt-und-die-gestapo","status":"publish","type":"post","link":"https:\/\/juergen-wilke.net\/?p=598","title":{"rendered":"Das &#8218;Berliner Tageblatt&#8216; und die Gestapo"},"content":{"rendered":"\n<p>Im Jahr 1991 gelangte eine Akte in den Besitz des Instituts f\u00fcr Publizistik der Universit\u00e4t Mainz, die die \u00dcberwachung des <em>Berliner Tageblatts <\/em>(BT), einer der gro\u00dfen deutschen Tageszeitungen, durch das Geheime Staatspolizeiamt Berlin dokumentiert. Die Akte ist bisher der pressegeschichtlichen Forschung unbekannt geblieben, wird von J\u00fcrgen Wilke jetzt aber erschlossen und problematisiert.<\/p>\n\n\n\n<!--more-->\n\n\n\n<p>Er versucht zun\u00e4chst, das Schicksal dieser Akte zu rekonstruieren, die sich urspr\u00fcnglich im Besitz des Journalisten Karl Willy Beer befand, der selbst in den 1930er Jahren beim BT arbeitete. Sodann wird der Inhalt der Akte ausgewertet. Sie besteht vor allem aus zwei Arten von Dokumenten: Es handelt sich einerseits um Ausschnitte aus Zeitungen, die irgendeinen Bezug zum<em> Berliner Tageblatt<\/em> aufwiesen und Anl\u00e4sse f\u00fcr Interventionen sein konnten. In den anderen F\u00e4llen handelt es sich vor allem um Schriftwechsel zu Konflikten der Gestapo mit dem BT. Belege daf\u00fcr gibt es bis zum Verbot der Zeitung im Jahr 1939. Erg\u00e4nzt wird dadurch vor allem die von der Journalistin Margret Boveri 1965 ver\u00f6ffentlichte Darstellung der K\u00e4mpfe um das <em>Berliner Tageblatt<\/em> im Dritten Reich.<\/p>\n\n\n\n<p>Inzwischen ist die Akte dem Landesarchiv Berlin zur dauerhaften Aufbewahrung \u00fcbergeben worden.<\/p>\n\n\n\n<p><a href=\"https:\/\/elibrary.steiner-verlag.de\/book\/99.105010\/9783515131605\" target=\"_blank\" rel=\"noreferrer noopener\">Das \u201aBerliner Tageblatt\u2018 und die Gestapo. Erschlie\u00dfung und Problematisierung einer unbekannten Quelle. In: Jahrbuch f\u00fcr Kommunikationsgeschichte 23 (2021), S. 136-151.<\/a><\/p>\n","protected":false},"excerpt":{"rendered":"<p>Im Jahr 1991 gelangte eine Akte in den Besitz des Instituts f\u00fcr Publizistik der Universit\u00e4t Mainz, die die \u00dcberwachung des Berliner Tageblatts (BT), einer der gro\u00dfen deutschen Tageszeitungen, durch das Geheime Staatspolizeiamt Berlin dokumentiert. Die Akte ist bisher der pressegeschichtlichen Forschung unbekannt geblieben, wird von J\u00fcrgen Wilke jetzt aber erschlossen und problematisiert.<\/p>\n","protected":false},"author":1,"featured_media":0,"comment_status":"closed","ping_status":"closed","sticky":false,"template":"","format":"standard","meta":{"ngg_post_thumbnail":0,"footnotes":""},"categories":[1],"tags":[],"class_list":["post-598","post","type-post","status-publish","format-standard","hentry","category-allgemein"],"_links":{"self":[{"href":"https:\/\/juergen-wilke.net\/index.php?rest_route=\/wp\/v2\/posts\/598","targetHints":{"allow":["GET"]}}],"collection":[{"href":"https:\/\/juergen-wilke.net\/index.php?rest_route=\/wp\/v2\/posts"}],"about":[{"href":"https:\/\/juergen-wilke.net\/index.php?rest_route=\/wp\/v2\/types\/post"}],"author":[{"embeddable":true,"href":"https:\/\/juergen-wilke.net\/index.php?rest_route=\/wp\/v2\/users\/1"}],"replies":[{"embeddable":true,"href":"https:\/\/juergen-wilke.net\/index.php?rest_route=%2Fwp%2Fv2%2Fcomments&post=598"}],"version-history":[{"count":1,"href":"https:\/\/juergen-wilke.net\/index.php?rest_route=\/wp\/v2\/posts\/598\/revisions"}],"predecessor-version":[{"id":599,"href":"https:\/\/juergen-wilke.net\/index.php?rest_route=\/wp\/v2\/posts\/598\/revisions\/599"}],"wp:attachment":[{"href":"https:\/\/juergen-wilke.net\/index.php?rest_route=%2Fwp%2Fv2%2Fmedia&parent=598"}],"wp:term":[{"taxonomy":"category","embeddable":true,"href":"https:\/\/juergen-wilke.net\/index.php?rest_route=%2Fwp%2Fv2%2Fcategories&post=598"},{"taxonomy":"post_tag","embeddable":true,"href":"https:\/\/juergen-wilke.net\/index.php?rest_route=%2Fwp%2Fv2%2Ftags&post=598"}],"curies":[{"name":"wp","href":"https:\/\/api.w.org\/{rel}","templated":true}]}}