{"id":608,"date":"2022-03-13T18:12:56","date_gmt":"2022-03-13T18:12:56","guid":{"rendered":"http:\/\/juergen-wilke.net\/?p=608"},"modified":"2022-03-13T18:12:56","modified_gmt":"2022-03-13T18:12:56","slug":"anno-21","status":"publish","type":"post","link":"https:\/\/juergen-wilke.net\/?p=608","title":{"rendered":"Anno 21"},"content":{"rendered":"<p>Seit 2013 erscheint <em>Anno<\/em>, das j\u00e4hrliche Magazin der Medienjubil\u00e4en der Universit\u00e4t Bamberg. Reich illustriert werden Jubil\u00e4en aus Medien, Journalismus und Kultur vorgestellt. Dabei reicht das Spektrum von der Fr\u00fchgeschichte der Menschheit bis in die j\u00fcngere Zeitgeschichte. 2021 ist die achte Ausgabe erschienen. Acht Beitr\u00e4ge hat J\u00fcrgen Wilke diesmal dazu beigesteuert.<\/p>\n\n\n<!--more-->\n\n\n<p>Diese Beitr\u00e4ge behandeln die Einstellung der katholischen Wochenzeitung Publik vor 50 Jahren, die Zeitungsgr\u00fcndungen des Jahres 1946 und der Wochenzeitung <em>Die Zeit<\/em> im gleichen Jahr, das Schicksal von Mathias Erzberger, dem Journalisten und Politiker, der 1921 ermordet wurde, die so genannte \u201eKr\u00fcger-Depesche\u201c Kaiser Wilhelms II. 1896 und die ber\u00fchmte Comicserie <em>Wee Willie Winkie<\/em> des 1871 geborenen Malers und Karikaturisten Lyonel Feininger.<\/p>\n<p>\u201ePublik ist tot\u201c. Bl\u00e4tterrauschen von Aachen bis Chemnitz. Kaufmann, Kapit\u00e4n, Journalist, Jurist. \u201eM\u00e4rtyrer der deutschen Republik\u201c. Kaiser zwar, doch kein Diplomat. Wee Willie Winkies wilde Welt.<br \/><a href=\"https:\/\/www.uni-bamberg.de\/kowi\/praxisbezug\/anno-das-magazin-der-medienjubilaeen\/\" target=\"_blank\" rel=\"noopener\">In: Anno 21. Das Magazin der Medienjubil\u00e4en, S. 43, 50-52, 53-55, 62-63, 83-84, 100.<\/a><\/p>","protected":false},"excerpt":{"rendered":"<p>Seit 2013 erscheint Anno, das j\u00e4hrliche Magazin der Medienjubil\u00e4en der Universit\u00e4t Bamberg. Reich illustriert werden Jubil\u00e4en aus Medien, Journalismus und Kultur vorgestellt. Dabei reicht das Spektrum von der Fr\u00fchgeschichte der Menschheit bis in die j\u00fcngere Zeitgeschichte. 2021 ist die achte Ausgabe erschienen. Acht Beitr\u00e4ge hat J\u00fcrgen Wilke diesmal dazu beigesteuert.<\/p>\n","protected":false},"author":1,"featured_media":0,"comment_status":"closed","ping_status":"closed","sticky":false,"template":"","format":"standard","meta":{"ngg_post_thumbnail":0,"footnotes":""},"categories":[1],"tags":[],"class_list":["post-608","post","type-post","status-publish","format-standard","hentry","category-allgemein"],"_links":{"self":[{"href":"https:\/\/juergen-wilke.net\/index.php?rest_route=\/wp\/v2\/posts\/608","targetHints":{"allow":["GET"]}}],"collection":[{"href":"https:\/\/juergen-wilke.net\/index.php?rest_route=\/wp\/v2\/posts"}],"about":[{"href":"https:\/\/juergen-wilke.net\/index.php?rest_route=\/wp\/v2\/types\/post"}],"author":[{"embeddable":true,"href":"https:\/\/juergen-wilke.net\/index.php?rest_route=\/wp\/v2\/users\/1"}],"replies":[{"embeddable":true,"href":"https:\/\/juergen-wilke.net\/index.php?rest_route=%2Fwp%2Fv2%2Fcomments&post=608"}],"version-history":[{"count":1,"href":"https:\/\/juergen-wilke.net\/index.php?rest_route=\/wp\/v2\/posts\/608\/revisions"}],"predecessor-version":[{"id":609,"href":"https:\/\/juergen-wilke.net\/index.php?rest_route=\/wp\/v2\/posts\/608\/revisions\/609"}],"wp:attachment":[{"href":"https:\/\/juergen-wilke.net\/index.php?rest_route=%2Fwp%2Fv2%2Fmedia&parent=608"}],"wp:term":[{"taxonomy":"category","embeddable":true,"href":"https:\/\/juergen-wilke.net\/index.php?rest_route=%2Fwp%2Fv2%2Fcategories&post=608"},{"taxonomy":"post_tag","embeddable":true,"href":"https:\/\/juergen-wilke.net\/index.php?rest_route=%2Fwp%2Fv2%2Ftags&post=608"}],"curies":[{"name":"wp","href":"https:\/\/api.w.org\/{rel}","templated":true}]}}