{"id":625,"date":"2022-09-11T23:16:17","date_gmt":"2022-09-11T23:16:17","guid":{"rendered":"http:\/\/juergen-wilke.net\/?p=625"},"modified":"2022-09-11T23:20:06","modified_gmt":"2022-09-11T23:20:06","slug":"erlebtes-und-erforschtes","status":"publish","type":"post","link":"https:\/\/juergen-wilke.net\/?p=625","title":{"rendered":"\u201eErlebtes und Erforschtes\u201c"},"content":{"rendered":"\n<p>Von 1988 bis 2012 hatte J\u00fcrgen Wilke den Lehrstuhl f\u00fcr Allgemeine Publizistik am Institut f\u00fcr Publizistik der Johannes Gutenberg-Universit\u00e4t Mainz inne. In den 1960er Jahren geh\u00f6rte er zu den ersten Studenten von Elisabeth Noelle-Neumann, die 1964 auf diesen Lehrstuhl berufen worden war und das Institut und die so genannte \u201eMainzer Schule\u201c begr\u00fcndet hatte. Nach der Promotion in Germanistik 1971 und journalistischer T\u00e4tigkeit war J\u00fcrgen Wilke Wissenschaftlicher Mitarbeiter am Institut f\u00fcr Publizistik, wo er sich 1983 f\u00fcr dieses Fach habilitierte. 1984 wurde er auf den Lehrstuhl f\u00fcr Journalistik I an der Katholischen Universit\u00e4t Eichst\u00e4tt berufen, von wo er 1988 nach Mainz zur\u00fcckkehrte. <strong>Jetzt hat Wilke in seinen Erinnerungen \u201eErlebtes und Erforschtes\u201c seinen Lebensweg geschildert, angefangen bei der Geburt und Flucht aus Ostpreu\u00dfen \u00fcber die verschiedenen Stationen seiner Ausbildung und akademischen T\u00e4tigkeit bis zur \u201eEmeritierung\u201c (und dar\u00fcber hinaus).<\/strong><\/p>\n\n\n\n<!--more-->\n\n\n\n<p>Au\u00dfer auf den pers\u00f6nlichen Erlebnissen liegt ein Schwerpunkt auf Lehre und Forschung. Insofern sind die jetzt im Verlag edition lumi\u00e9re (Bremen) erschienenen Erinnerungen eine zeithistorische und fachgeschichtliche Quelle.<\/p>\n\n\n\n<p><br><a href=\"https:\/\/d-nb.info\/1262334780\" target=\"_blank\" rel=\"noopener\">J\u00fcrgen Wilke: Erlebtes und Erforschtes. Erinnerungen. Bremen: edition lumi\u00e8re 2022. 298 S.<\/a><br><a href=\"_wp_link_placeholder\">24.80 Euro.<\/a><\/p>\n","protected":false},"excerpt":{"rendered":"<p>Von 1988 bis 2012 hatte J\u00fcrgen Wilke den Lehrstuhl f\u00fcr Allgemeine Publizistik am Institut f\u00fcr Publizistik der Johannes Gutenberg-Universit\u00e4t Mainz inne. In den 1960er Jahren geh\u00f6rte er zu den ersten Studenten von Elisabeth Noelle-Neumann, die 1964 auf diesen Lehrstuhl berufen worden war und das Institut und die so genannte \u201eMainzer Schule\u201c begr\u00fcndet hatte. Nach der Promotion in Germanistik 1971 und journalistischer T\u00e4tigkeit war J\u00fcrgen Wilke Wissenschaftlicher Mitarbeiter am Institut f\u00fcr Publizistik, wo er sich 1983 f\u00fcr dieses Fach habilitierte. 1984 wurde er auf den Lehrstuhl f\u00fcr Journalistik I an der Katholischen Universit\u00e4t Eichst\u00e4tt berufen, von wo er 1988 nach Mainz zur\u00fcckkehrte. Jetzt hat Wilke in seinen Erinnerungen \u201eErlebtes und Erforschtes\u201c seinen Lebensweg geschildert, angefangen bei der Geburt und Flucht aus Ostpreu\u00dfen \u00fcber die verschiedenen Stationen seiner Ausbildung und akademischen T\u00e4tigkeit bis zur \u201eEmeritierung\u201c (und dar\u00fcber hinaus).<\/p>\n","protected":false},"author":1,"featured_media":0,"comment_status":"closed","ping_status":"closed","sticky":false,"template":"","format":"standard","meta":{"ngg_post_thumbnail":0,"footnotes":""},"categories":[1],"tags":[],"class_list":["post-625","post","type-post","status-publish","format-standard","hentry","category-allgemein"],"_links":{"self":[{"href":"https:\/\/juergen-wilke.net\/index.php?rest_route=\/wp\/v2\/posts\/625","targetHints":{"allow":["GET"]}}],"collection":[{"href":"https:\/\/juergen-wilke.net\/index.php?rest_route=\/wp\/v2\/posts"}],"about":[{"href":"https:\/\/juergen-wilke.net\/index.php?rest_route=\/wp\/v2\/types\/post"}],"author":[{"embeddable":true,"href":"https:\/\/juergen-wilke.net\/index.php?rest_route=\/wp\/v2\/users\/1"}],"replies":[{"embeddable":true,"href":"https:\/\/juergen-wilke.net\/index.php?rest_route=%2Fwp%2Fv2%2Fcomments&post=625"}],"version-history":[{"count":4,"href":"https:\/\/juergen-wilke.net\/index.php?rest_route=\/wp\/v2\/posts\/625\/revisions"}],"predecessor-version":[{"id":630,"href":"https:\/\/juergen-wilke.net\/index.php?rest_route=\/wp\/v2\/posts\/625\/revisions\/630"}],"wp:attachment":[{"href":"https:\/\/juergen-wilke.net\/index.php?rest_route=%2Fwp%2Fv2%2Fmedia&parent=625"}],"wp:term":[{"taxonomy":"category","embeddable":true,"href":"https:\/\/juergen-wilke.net\/index.php?rest_route=%2Fwp%2Fv2%2Fcategories&post=625"},{"taxonomy":"post_tag","embeddable":true,"href":"https:\/\/juergen-wilke.net\/index.php?rest_route=%2Fwp%2Fv2%2Ftags&post=625"}],"curies":[{"name":"wp","href":"https:\/\/api.w.org\/{rel}","templated":true}]}}