{"id":638,"date":"2023-04-02T19:00:48","date_gmt":"2023-04-02T19:00:48","guid":{"rendered":"http:\/\/juergen-wilke.net\/?p=638"},"modified":"2023-04-02T19:00:48","modified_gmt":"2023-04-02T19:00:48","slug":"hambacher-reden","status":"publish","type":"post","link":"https:\/\/juergen-wilke.net\/?p=638","title":{"rendered":"Hambacher Reden"},"content":{"rendered":"\n<p>Auf dem bei Neustadt an der Weinstra\u00dfe gelegenen Schloss Hambach fand am 27. und 28. Mai 1832 ein Fest statt, das als bis dahin gr\u00f6\u00dfte Demonstration f\u00fcr politische Freiheit und nationale Einheit in die deutsche (Presse-)Geschichte eingegangen ist. Heute gilt das Schloss als ein bedeutender Erinnerungsort der Demokratiegeschichte hierzulande. Am 13. Dezember 2022 wurde jetzt dort ein Buch pr\u00e4sentiert, das zahlreiche Hambacher Reden dokumentiert: Nicht nur mehrere der seinerzeit vorgetragenen, sondern auch solche, die sp\u00e4ter aus Anlass von Jubil\u00e4en und sonstigen Feierlichkeiten gehalten wurden. J\u00fcrgen Wilke hat zu diesem Buch einen Essay beigesteuert, in dem er die historischen Vorl\u00e4ufer der Hambacher Reden und die rhetorische Tradition, in der sie standen, geschildert hat.<\/p>\n\n\n\n<!--more-->\n\n\n\n<p>Dabei geht Wilke auf die Feste zur Erinnerung an die Leipziger V\u00f6lkerschlacht von 1814 ein und greift kommunikationswissenschaftlich auf die Tradition der Rhetorik bis auf Aristoteles zur\u00fcck. Dieser war der erste, der gewisserma\u00dfen nicht nur ein Kommunikationsmodell der Rede formulierte, sondern auch f\u00fcr ihre Formen eine Gattungslehre entwarf und ihre Wirkungsmittel systematisierte. Andererseits gilt Deutschland nicht gerade als ein Land florierender Redekunst, was vor allem auf fehlende republikanische Voraussetzungen zur\u00fcckgef\u00fchrt wurde. Das schl\u00e4gt sich auch in der Publikationsgeschichte der Reden nieder.<\/p>\n\n\n\n<p>J\u00fcrgen Wilke: Hambacher Reden: Historische Vorl\u00e4ufer und rhetorische Tradition. In: Sara Anil, Hans Berkessel, Kai-Michael Sprenger, Sarah Traub (Bearb.): <a href=\"https:\/\/d-nb.info\/1209295628\" target=\"_blank\" rel=\"noreferrer noopener\">Hoher Besuch und starke Worte. Zwei Jahrhunderte politischer Reden auf dem Hambacher Schloss<\/a>. Oppenheim am Rhein: N\u00fcnnerich-Asmus Verlag 2022, S. 282-302.<\/p>\n","protected":false},"excerpt":{"rendered":"<p>Auf dem bei Neustadt an der Weinstra\u00dfe gelegenen Schloss Hambach fand am 27. und 28. Mai 1832 ein Fest statt, das als bis dahin gr\u00f6\u00dfte Demonstration f\u00fcr politische Freiheit und nationale Einheit in die deutsche (Presse-)Geschichte eingegangen ist. Heute gilt das Schloss als ein bedeutender Erinnerungsort der Demokratiegeschichte hierzulande. Am 13. Dezember 2022 wurde jetzt dort ein Buch pr\u00e4sentiert, das zahlreiche Hambacher Reden dokumentiert: Nicht nur mehrere der seinerzeit vorgetragenen, sondern auch solche, die sp\u00e4ter aus Anlass von Jubil\u00e4en und sonstigen Feierlichkeiten gehalten wurden. J\u00fcrgen Wilke hat zu diesem Buch einen Essay beigesteuert, in dem er die historischen Vorl\u00e4ufer der Hambacher Reden und die rhetorische Tradition, in der sie standen, geschildert hat.<\/p>\n","protected":false},"author":1,"featured_media":0,"comment_status":"closed","ping_status":"closed","sticky":false,"template":"","format":"standard","meta":{"ngg_post_thumbnail":0,"footnotes":""},"categories":[1],"tags":[],"class_list":["post-638","post","type-post","status-publish","format-standard","hentry","category-allgemein"],"_links":{"self":[{"href":"https:\/\/juergen-wilke.net\/index.php?rest_route=\/wp\/v2\/posts\/638","targetHints":{"allow":["GET"]}}],"collection":[{"href":"https:\/\/juergen-wilke.net\/index.php?rest_route=\/wp\/v2\/posts"}],"about":[{"href":"https:\/\/juergen-wilke.net\/index.php?rest_route=\/wp\/v2\/types\/post"}],"author":[{"embeddable":true,"href":"https:\/\/juergen-wilke.net\/index.php?rest_route=\/wp\/v2\/users\/1"}],"replies":[{"embeddable":true,"href":"https:\/\/juergen-wilke.net\/index.php?rest_route=%2Fwp%2Fv2%2Fcomments&post=638"}],"version-history":[{"count":1,"href":"https:\/\/juergen-wilke.net\/index.php?rest_route=\/wp\/v2\/posts\/638\/revisions"}],"predecessor-version":[{"id":639,"href":"https:\/\/juergen-wilke.net\/index.php?rest_route=\/wp\/v2\/posts\/638\/revisions\/639"}],"wp:attachment":[{"href":"https:\/\/juergen-wilke.net\/index.php?rest_route=%2Fwp%2Fv2%2Fmedia&parent=638"}],"wp:term":[{"taxonomy":"category","embeddable":true,"href":"https:\/\/juergen-wilke.net\/index.php?rest_route=%2Fwp%2Fv2%2Fcategories&post=638"},{"taxonomy":"post_tag","embeddable":true,"href":"https:\/\/juergen-wilke.net\/index.php?rest_route=%2Fwp%2Fv2%2Ftags&post=638"}],"curies":[{"name":"wp","href":"https:\/\/api.w.org\/{rel}","templated":true}]}}