{"id":650,"date":"2023-07-23T18:48:18","date_gmt":"2023-07-23T18:48:18","guid":{"rendered":"http:\/\/juergen-wilke.net\/?p=650"},"modified":"2023-07-23T18:49:25","modified_gmt":"2023-07-23T18:49:25","slug":"berichterstattung-ueber-bundestagswahlkampf-2021","status":"publish","type":"post","link":"https:\/\/juergen-wilke.net\/?p=650","title":{"rendered":"Berichterstattung \u00fcber Bundestagswahlkampf 2021"},"content":{"rendered":"<p>Zu den \u201eKlassikern\u201c der Wahlkampfforschung in Deutschland geh\u00f6ren die von J\u00fcrgen Wilke und Carsten Reinemann vor gut zwei Jahrzehnten initiierten Studien zur Berichterstattung deutscher Tageszeitungen \u00fcber die Bundestagswahlk\u00e4mpfe und die Darstellung der jeweiligen Kanzlerkandidaten. Die j\u00fcngste dieser Studien zum Wahlkampf 2021, diesmal von Melanie Leidecker-Sandmann, Christian Sch\u00e4fer-Hock und J\u00fcrgen Wilke organisiert und verantwortet, ist jetzt wieder im Druck erschienen.<\/p>\n<p><!--more--><\/p>\n<p>Die Studie tr\u00e4gt den Titel \u201eEin Wahlkampf wie kein anderer?\u201c und greift damit eine Behauptung von Armin Laschet, dem Kanzlerkandidaten der CDU\/CSU, auf. Sie untersucht die Berichterstattung \u00fcber den Wahlkampf 2021 im Vergleich zu den vorangegangenen Wahlk\u00e4mpfen seit 1949. Daf\u00fcr wurde \u2013 wieder mit F\u00f6rderung der FAZIT-Stiftung \u2013 eine Inhaltsanalyse der vier Tageszeitungen \u201eFrankfurter Rundschau\u201c, \u201eS\u00fcddeutsche Zeitung\u201c, \u201eFrankfurter Allgemeine Zeitung\u201c und \u201eDie Welt\u201c vier Wochen vor dem Wahltag vorgenommen. Aspekte, die untersucht wurden, waren der Umfang und der Verlauf der Berichterstattung, die Darstellungsformen, die Quellen und Urheber, die Anl\u00e4sse und Themen sowie die Personalisierung, die Authentizit\u00e4t (durch Zitate) und die Visualisierung mittels Fotos. Neu war in diesem Wahlkampf, dass es diesmal zwei Kanzlerkandidaten und eine Kanzlerkandidatin gab und dass keiner von diesen einen sonst \u00fcblichen Amtsbonus besa\u00df. Das schlug sich in der Bewertung der Kandidaten und Kandidatin nieder. Die im Titel aufgeworfene Frage wird in der Studie mit Ja und Nein beantwortet. Armin Laschet zumindest wurde von den Tageszeitungen im Saldo so negativ bewertet wie keiner der Kanzlerkandidaten vor ihm.<\/p>\n<p>Melanie Leidecker, Christian Sch\u00e4fer-Hock, J\u00fcrgen Wilke: <a href=\"https:\/\/doi.org\/10.1007\/978-3-658-38967-3_7\" target=\"_blank\" rel=\"noopener\">Ein Wahlkampf wie kein anderer? Die Presseberichterstattung \u00fcber die Bundestagswahl 2021 im Langzeitvergleich.<\/a> In: Christina Holtz-Bacha (Hrsg.) Die (Massen-)Medien im Wahlkampf. Die Bundestagswahl 2021. Wiesbaden: Springer VS, 2023, S. 179-219.<\/p>\n\n\n<p><\/p>\n","protected":false},"excerpt":{"rendered":"<p>Zu den \u201eKlassikern\u201c der Wahlkampfforschung in Deutschland geh\u00f6ren die von J\u00fcrgen Wilke und Carsten Reinemann vor gut zwei Jahrzehnten initiierten Studien zur Berichterstattung deutscher Tageszeitungen \u00fcber die Bundestagswahlk\u00e4mpfe und die Darstellung der jeweiligen Kanzlerkandidaten. Die j\u00fcngste dieser Studien zum Wahlkampf 2021, diesmal von Melanie Leidecker-Sandmann, Christian Sch\u00e4fer-Hock und J\u00fcrgen Wilke organisiert und verantwortet, ist jetzt wieder im Druck erschienen.<\/p>\n","protected":false},"author":1,"featured_media":0,"comment_status":"closed","ping_status":"closed","sticky":false,"template":"","format":"standard","meta":{"ngg_post_thumbnail":0,"footnotes":""},"categories":[1],"tags":[],"class_list":["post-650","post","type-post","status-publish","format-standard","hentry","category-allgemein"],"_links":{"self":[{"href":"https:\/\/juergen-wilke.net\/index.php?rest_route=\/wp\/v2\/posts\/650","targetHints":{"allow":["GET"]}}],"collection":[{"href":"https:\/\/juergen-wilke.net\/index.php?rest_route=\/wp\/v2\/posts"}],"about":[{"href":"https:\/\/juergen-wilke.net\/index.php?rest_route=\/wp\/v2\/types\/post"}],"author":[{"embeddable":true,"href":"https:\/\/juergen-wilke.net\/index.php?rest_route=\/wp\/v2\/users\/1"}],"replies":[{"embeddable":true,"href":"https:\/\/juergen-wilke.net\/index.php?rest_route=%2Fwp%2Fv2%2Fcomments&post=650"}],"version-history":[{"count":2,"href":"https:\/\/juergen-wilke.net\/index.php?rest_route=\/wp\/v2\/posts\/650\/revisions"}],"predecessor-version":[{"id":652,"href":"https:\/\/juergen-wilke.net\/index.php?rest_route=\/wp\/v2\/posts\/650\/revisions\/652"}],"wp:attachment":[{"href":"https:\/\/juergen-wilke.net\/index.php?rest_route=%2Fwp%2Fv2%2Fmedia&parent=650"}],"wp:term":[{"taxonomy":"category","embeddable":true,"href":"https:\/\/juergen-wilke.net\/index.php?rest_route=%2Fwp%2Fv2%2Fcategories&post=650"},{"taxonomy":"post_tag","embeddable":true,"href":"https:\/\/juergen-wilke.net\/index.php?rest_route=%2Fwp%2Fv2%2Ftags&post=650"}],"curies":[{"name":"wp","href":"https:\/\/api.w.org\/{rel}","templated":true}]}}