{"id":657,"date":"2023-10-28T21:13:46","date_gmt":"2023-10-28T21:13:46","guid":{"rendered":"http:\/\/juergen-wilke.net\/?p=657"},"modified":"2023-10-28T21:13:46","modified_gmt":"2023-10-28T21:13:46","slug":"gesetzmaessig-oder-umsturz-die-revolution-von-1848-49","status":"publish","type":"post","link":"https:\/\/juergen-wilke.net\/?p=657","title":{"rendered":"Gesetzm\u00e4\u00dfig oder Umsturz? Die Revolution von 1848\/49"},"content":{"rendered":"<p>2023 j\u00e4hrt sich zum 175. Mal der Ausbruch der b\u00fcrgerlichen Revolution in Deutschland von 1848\/49. Dies findet sein Echo in vielen Veranstaltungen und zumal in zahlreichen Ver\u00f6ffentlichungen, in umf\u00e4nglichen B\u00fcchern und publizistischen Artikeln. J\u00fcrgen Wilke hat dazu einen eigenen Beitrag verfasst, der in ANNO 23, dem \u201eMagazin der Medienjubil\u00e4en\u201c erschienen ist, das zum zehnten Mal vom Institut f\u00fcr Kommunikationswissenschaft der Otto Friedrich-Universit\u00e4t herausgebracht wird (Herausgeber: Markus Behmer).<\/p>\n<p><!--more--><\/p>\n<p>Wilke zeichnet darin insbesondere nach, wie Kommunikation die Revolution herbeigef\u00fchrt und vorangetrieben hat und wie diese ihren Ablauf begleitete. Neben der intensiven pers\u00f6nlichen und gruppenbezogenen Kommunikation kam es zu einer explosiven Flut von gedruckten und visuellen Medien. Beschrieben wird auch, wie die Kommunikation in Gewalt umschlug und die Alternative zwischen gesetzm\u00e4\u00dfiger Ver\u00e4nderung oder Umsturz hervorrief. Eine wesentliche Errungenschaft der Revolution war zun\u00e4chst die Gew\u00e4hrleistung der Pressefreiheit. Obwohl die Ziele der Revolution letztlich nicht erreicht wurden, l\u00e4sst sich nicht sagen, dass sie total gescheitert war. Auf l\u00e4ngere Sicht hatte sie durchaus zukunftstr\u00e4chtige Perspektiven er\u00f6ffnet, auf die k\u00fcnftige Verfassungsgeber in Deutschland zur\u00fcckgreifen konnten. Das rechtfertigt die r\u00fchmliche Erinnerung noch nach 175 Jahren.<\/p>\n<p><a href=\"https:\/\/www.uni-bamberg.de\/kowi\/praxisbezug\/anno-das-magazin-der-medienjubilaeen\/\" target=\"_blank\" rel=\"noopener\">J\u00fcrgen Wilke: Gesetzm\u00e4\u00dfig oder Umsturz. In: ANNO 23. Das Magazin der Medienjubil\u00e4en. Bamberg 2023, S. 148-154.<\/a><\/p>\n","protected":false},"excerpt":{"rendered":"<p>2023 j\u00e4hrt sich zum 175. Mal der Ausbruch der b\u00fcrgerlichen Revolution in Deutschland von 1848\/49. Dies findet sein Echo in vielen Veranstaltungen und zumal in zahlreichen Ver\u00f6ffentlichungen, in umf\u00e4nglichen B\u00fcchern und publizistischen Artikeln. J\u00fcrgen Wilke hat dazu einen eigenen Beitrag verfasst, der in ANNO 23, dem \u201eMagazin der Medienjubil\u00e4en\u201c erschienen ist, das zum zehnten Mal vom Institut f\u00fcr Kommunikationswissenschaft der Otto Friedrich-Universit\u00e4t herausgebracht wird (Herausgeber: Markus Behmer).<\/p>\n","protected":false},"author":1,"featured_media":0,"comment_status":"closed","ping_status":"closed","sticky":false,"template":"","format":"standard","meta":{"ngg_post_thumbnail":0,"footnotes":""},"categories":[1],"tags":[],"class_list":["post-657","post","type-post","status-publish","format-standard","hentry","category-allgemein"],"_links":{"self":[{"href":"https:\/\/juergen-wilke.net\/index.php?rest_route=\/wp\/v2\/posts\/657","targetHints":{"allow":["GET"]}}],"collection":[{"href":"https:\/\/juergen-wilke.net\/index.php?rest_route=\/wp\/v2\/posts"}],"about":[{"href":"https:\/\/juergen-wilke.net\/index.php?rest_route=\/wp\/v2\/types\/post"}],"author":[{"embeddable":true,"href":"https:\/\/juergen-wilke.net\/index.php?rest_route=\/wp\/v2\/users\/1"}],"replies":[{"embeddable":true,"href":"https:\/\/juergen-wilke.net\/index.php?rest_route=%2Fwp%2Fv2%2Fcomments&post=657"}],"version-history":[{"count":1,"href":"https:\/\/juergen-wilke.net\/index.php?rest_route=\/wp\/v2\/posts\/657\/revisions"}],"predecessor-version":[{"id":658,"href":"https:\/\/juergen-wilke.net\/index.php?rest_route=\/wp\/v2\/posts\/657\/revisions\/658"}],"wp:attachment":[{"href":"https:\/\/juergen-wilke.net\/index.php?rest_route=%2Fwp%2Fv2%2Fmedia&parent=657"}],"wp:term":[{"taxonomy":"category","embeddable":true,"href":"https:\/\/juergen-wilke.net\/index.php?rest_route=%2Fwp%2Fv2%2Fcategories&post=657"},{"taxonomy":"post_tag","embeddable":true,"href":"https:\/\/juergen-wilke.net\/index.php?rest_route=%2Fwp%2Fv2%2Ftags&post=657"}],"curies":[{"name":"wp","href":"https:\/\/api.w.org\/{rel}","templated":true}]}}