{"id":668,"date":"2024-05-09T09:36:10","date_gmt":"2024-05-09T09:36:10","guid":{"rendered":"http:\/\/juergen-wilke.net\/?p=668"},"modified":"2024-05-09T09:36:56","modified_gmt":"2024-05-09T09:36:56","slug":"juergen-wilke-achtzig-jahre-alt","status":"publish","type":"post","link":"https:\/\/juergen-wilke.net\/?p=668","title":{"rendered":"J\u00fcrgen Wilke achtzig Jahre alt"},"content":{"rendered":"\n<p>Am 19. Dezember 2023 wurde J\u00fcrgen Wilke achtzig Jahre alt. Das Institut f\u00fcr Publizistik der Johannes Gutenberg-Universit\u00e4t Mainz, dem Wilke von 1988 bis 2012 als Universit\u00e4tsprofessor angeh\u00f6rte, widmete ihm aus diesem Anlass <a href=\"https:\/\/www.ifp.uni-mainz.de\/2024\/02\/15\/prof-dr-juergen-wilke-feierte-80-geburtstag\" data-type=\"link\" data-id=\"https:\/\/www-ifp.uni-mainz.de\/2024\/02\/15\/prof-dr-juergen-wilke-feierte-80-geburtstag\" target=\"_blank\" rel=\"noreferrer noopener\">auf seiner Website eine W\u00fcrdigung<\/a>.<\/p>\n","protected":false},"excerpt":{"rendered":"<p>Am 19. Dezember 2023 wurde J\u00fcrgen Wilke achtzig Jahre alt. Das Institut f\u00fcr Publizistik der Johannes Gutenberg-Universit\u00e4t Mainz, dem Wilke von 1988 bis 2012 als Universit\u00e4tsprofessor angeh\u00f6rte, widmete ihm aus diesem Anlass auf seiner Website eine W\u00fcrdigung.<\/p>\n","protected":false},"author":1,"featured_media":0,"comment_status":"closed","ping_status":"closed","sticky":false,"template":"","format":"standard","meta":{"ngg_post_thumbnail":0,"footnotes":""},"categories":[1],"tags":[],"class_list":["post-668","post","type-post","status-publish","format-standard","hentry","category-allgemein"],"_links":{"self":[{"href":"https:\/\/juergen-wilke.net\/index.php?rest_route=\/wp\/v2\/posts\/668","targetHints":{"allow":["GET"]}}],"collection":[{"href":"https:\/\/juergen-wilke.net\/index.php?rest_route=\/wp\/v2\/posts"}],"about":[{"href":"https:\/\/juergen-wilke.net\/index.php?rest_route=\/wp\/v2\/types\/post"}],"author":[{"embeddable":true,"href":"https:\/\/juergen-wilke.net\/index.php?rest_route=\/wp\/v2\/users\/1"}],"replies":[{"embeddable":true,"href":"https:\/\/juergen-wilke.net\/index.php?rest_route=%2Fwp%2Fv2%2Fcomments&post=668"}],"version-history":[{"count":3,"href":"https:\/\/juergen-wilke.net\/index.php?rest_route=\/wp\/v2\/posts\/668\/revisions"}],"predecessor-version":[{"id":671,"href":"https:\/\/juergen-wilke.net\/index.php?rest_route=\/wp\/v2\/posts\/668\/revisions\/671"}],"wp:attachment":[{"href":"https:\/\/juergen-wilke.net\/index.php?rest_route=%2Fwp%2Fv2%2Fmedia&parent=668"}],"wp:term":[{"taxonomy":"category","embeddable":true,"href":"https:\/\/juergen-wilke.net\/index.php?rest_route=%2Fwp%2Fv2%2Fcategories&post=668"},{"taxonomy":"post_tag","embeddable":true,"href":"https:\/\/juergen-wilke.net\/index.php?rest_route=%2Fwp%2Fv2%2Ftags&post=668"}],"curies":[{"name":"wp","href":"https:\/\/api.w.org\/{rel}","templated":true}]}}