{"id":680,"date":"2025-03-16T12:46:10","date_gmt":"2025-03-16T12:46:10","guid":{"rendered":"http:\/\/juergen-wilke.net\/?p=680"},"modified":"2025-03-16T12:46:10","modified_gmt":"2025-03-16T12:46:10","slug":"parlamentarismus-und-pressefreiheit","status":"publish","type":"post","link":"https:\/\/juergen-wilke.net\/?p=680","title":{"rendered":"Parlamentarismus und Pressefreiheit"},"content":{"rendered":"\n<p>Parlamentarismus und Pressefreiheit sind zwei Ph\u00e4nomene, die in einem engen Verh\u00e4ltnis zueinanderstehen. Dieser Zusammenhang hat sich aber erst in einer langen historischen Entwicklung herausgebildet und konkretisiert. Das gilt zumindest f\u00fcr Deutschland. Wo und wie dies geschah, untersucht J\u00fcrgen Wilke in einem Beitrag zu der Festschrift f\u00fcr Rudolf St\u00f6ber, die dem Bamberger Kollegen bei seiner Abschiedsvorlesung am 6. Februar 2025 \u00fcberreicht wurde.<\/p>\n\n\n\n<!--more-->\n\n\n\n<p>Untersucht wird der Zusammenhang am Beispiel des Gro\u00dfherzogtums Baden, das in dieser Hinsicht im fr\u00fchen 19. Jahrhundert ein Vorreiter war. Dort wurden nicht nur eine der ersten verfassungsm\u00e4\u00dfigen Garantien der Pressefreiheit und ein vergleichsweise liberales Pressegesetz realisiert. In den Landst\u00e4nden fanden vielmehr auch intensive Debatten samt Abstimmungen \u00fcber die Pressefreiheit statt, in denen parlamentarische Praktiken einge\u00fcbt wurden. Das fand selbst noch nach dem Erlass der Karlsbader Beschl\u00fcsse statt, durch die 1819 im Deutschen Bund erneut die Zensur wieder eingef\u00fchrt wurde. Erst 1848 konnte man zu dem fr\u00fcheren Pressegesetz zur\u00fcckkehren.<\/p>\n\n\n\n<p>Parlamentarismus und Pressefreiheit. Baden als Vorreiter in Deutschland. In: Gabriele Mehling, Kristina Wied, Michael Wild (Hrsg.): In: <a href=\"https:\/\/d-nb.info\/1351791494\">Medien bewahren und ver\u00e4ndern. Festschrift f\u00fcr Rudolf St\u00f6ber<\/a>. S. 292-314. Berlin\/Bonn 2025: de Gruyter\/Saur.<\/p>\n","protected":false},"excerpt":{"rendered":"<p>Parlamentarismus und Pressefreiheit sind zwei Ph\u00e4nomene, die in einem engen Verh\u00e4ltnis zueinanderstehen. Dieser Zusammenhang hat sich aber erst in einer langen historischen Entwicklung herausgebildet und konkretisiert. Das gilt zumindest f\u00fcr Deutschland. Wo und wie dies geschah, untersucht J\u00fcrgen Wilke in einem Beitrag zu der Festschrift f\u00fcr Rudolf St\u00f6ber, die dem Bamberger Kollegen bei seiner Abschiedsvorlesung am 6. Februar 2025 \u00fcberreicht wurde.<\/p>\n","protected":false},"author":1,"featured_media":0,"comment_status":"closed","ping_status":"closed","sticky":false,"template":"","format":"standard","meta":{"ngg_post_thumbnail":0,"footnotes":""},"categories":[1],"tags":[],"class_list":["post-680","post","type-post","status-publish","format-standard","hentry","category-allgemein"],"_links":{"self":[{"href":"https:\/\/juergen-wilke.net\/index.php?rest_route=\/wp\/v2\/posts\/680","targetHints":{"allow":["GET"]}}],"collection":[{"href":"https:\/\/juergen-wilke.net\/index.php?rest_route=\/wp\/v2\/posts"}],"about":[{"href":"https:\/\/juergen-wilke.net\/index.php?rest_route=\/wp\/v2\/types\/post"}],"author":[{"embeddable":true,"href":"https:\/\/juergen-wilke.net\/index.php?rest_route=\/wp\/v2\/users\/1"}],"replies":[{"embeddable":true,"href":"https:\/\/juergen-wilke.net\/index.php?rest_route=%2Fwp%2Fv2%2Fcomments&post=680"}],"version-history":[{"count":1,"href":"https:\/\/juergen-wilke.net\/index.php?rest_route=\/wp\/v2\/posts\/680\/revisions"}],"predecessor-version":[{"id":681,"href":"https:\/\/juergen-wilke.net\/index.php?rest_route=\/wp\/v2\/posts\/680\/revisions\/681"}],"wp:attachment":[{"href":"https:\/\/juergen-wilke.net\/index.php?rest_route=%2Fwp%2Fv2%2Fmedia&parent=680"}],"wp:term":[{"taxonomy":"category","embeddable":true,"href":"https:\/\/juergen-wilke.net\/index.php?rest_route=%2Fwp%2Fv2%2Fcategories&post=680"},{"taxonomy":"post_tag","embeddable":true,"href":"https:\/\/juergen-wilke.net\/index.php?rest_route=%2Fwp%2Fv2%2Ftags&post=680"}],"curies":[{"name":"wp","href":"https:\/\/api.w.org\/{rel}","templated":true}]}}